{"id":10134,"date":"2015-04-13T15:45:02","date_gmt":"2015-04-13T13:45:02","guid":{"rendered":"http:\/\/www.iobevo.com\/online\/?p=10134"},"modified":"2015-07-01T02:23:53","modified_gmt":"2015-07-01T00:23:53","slug":"campagna-caffe-fairtrade-cambia-il-mondo-con-una-pausa-fino-al-19-aprile","status":"publish","type":"post","link":"https:\/\/www.iobevo.com\/online\/campagna-caffe-fairtrade-cambia-il-mondo-con-una-pausa-fino-al-19-aprile\/","title":{"rendered":"Cambia il mondo con una pausa: con la campagna caff\u00e8 Fairtrade, fino al 19 aprile"},"content":{"rendered":"<p>Torna la <strong>campagna caff\u00e8 Fairtrade<\/strong>:\u00a0dal 10 al 19 aprile inizia anche tu la giornata con un caff\u00e8 buono in tutti i sensi! Ciascuno pu\u00f2 contribuire a un mondo migliore: <strong>scegliendo un caff\u00e8 Fairtrade<\/strong>, prodotto con il rispetto del lavoro e delle persone e dell&#8217;ambiente, decidi di contribuire a migliorare le condizioni di vita dei lavoratori e all&#8217;ambiente.<\/p>\n<p>Anche al bar: sono infatti\u00a0<strong>oltre 200 i locali in Italia che offrono la possibilit\u00e0 di bere il caff\u00e8 Fairtrade<\/strong>: l&#8217;invito \u00e8 a provarlo! L&#8217;elenco dei locali che partecipano all&#8217;iniziativa \u00e8 disponibile a questo <a title=\"bar fairtrade\" href=\"http:\/\/www.fairtradeitalia.it\/caffefairtrade\">link<\/a>. Con iO bevo le bevande del commercio equo e solidale sono disponibili tutto l&#8217;anno con la distribuzione delle <a title=\"Caff\u00e8 Fairtrade\" href=\"http:\/\/www.iobevo.com\/online\/prodotti\/fairtrade\/\">bevande a marchio Fairtrade<\/a>: concentrati per bevande analcoliche tra cui Equo Cola, Equo Orange, Equo Gazzosa, Equo Bitter, Equot\u00e8 al limone, Equot\u00e8 alla pesca. Sono disponibili anche\u00a0bevande calde, come Equociok cioccolata in tazza equo e solidale ed Equocoffee caff\u00e8 solubile, e\u00a0succhi di frutta. iO bevo commercializza inoltre caff\u00e8 in grani Fairtrade.<\/p>\n<p><img fetchpriority=\"high\" decoding=\"async\" class=\"  wp-image-10145 aligncenter\" src=\"http:\/\/www.iobevo.com\/online\/wp-content\/uploads\/2015\/04\/Fairtrade-caff\u00e8-III.jpg\" alt=\"Caff\u00e8 Fairtrade\" width=\"600\" height=\"325\" srcset=\"https:\/\/www.iobevo.com\/online\/wp-content\/uploads\/2015\/04\/Fairtrade-caff\u00e8-III.jpg 700w, https:\/\/www.iobevo.com\/online\/wp-content\/uploads\/2015\/04\/Fairtrade-caff\u00e8-III-300x162.jpg 300w, https:\/\/www.iobevo.com\/online\/wp-content\/uploads\/2015\/04\/Fairtrade-caff\u00e8-III-460x250.jpg 460w\" sizes=\"(max-width: 600px) 100vw, 600px\" \/><\/p>\n<p>#caffeFairtrade<\/p>\n<p><a href=\"http:\/\/www.fairtradeitalia.it\/caffefairtrade\">www.fairtradeitalia.it\/caffefairtrade<\/a><\/p>\n","protected":false},"excerpt":{"rendered":"<p>Torna la campagna caff\u00e8 Fairtrade:\u00a0dal 10 al 19 aprile inizia anche tu la giornata con un caff\u00e8 buono in tutti i sensi! Ciascuno pu\u00f2 contribuire a un mondo migliore: scegliendo un caff\u00e8 Fairtrade, prodotto con il rispetto del lavoro e delle persone e dell&#8217;ambiente, decidi di contribuire a migliorare le [&hellip;]<\/p>\n","protected":false},"author":58,"featured_media":10135,"comment_status":"open","ping_status":"open","sticky":false,"template":"","format":"standard","meta":{"footnotes":""},"categories":[1,138],"tags":[206,207,166,151,164],"class_list":["post-10134","post","type-post","status-publish","format-standard","has-post-thumbnail","hentry","category-non-categorizzato","category-novita","tag-caffe","tag-equo-e-solidale","tag-fairtrade","tag-io-bevo-2","tag-iobevo"],"yoast_head":"<!-- This site is optimized with the Yoast SEO plugin v27.5 - https:\/\/yoast.com\/product\/yoast-seo-wordpress\/ -->\n<title>Campagna caff\u00e8 Fairtrade<\/title>\n<meta name=\"description\" content=\"Campagna caff\u00e8 Fairtrade: dal 10 al 19 aprile inizia anche tu la giornata con un caff\u00e8 buono in tutti i sensi! Ciascuno pu\u00f2 contribuire a un mondo migliore.\" \/>\n<meta name=\"robots\" content=\"index, follow, max-snippet:-1, max-image-preview:large, max-video-preview:-1\" \/>\n<link rel=\"canonical\" href=\"https:\/\/www.iobevo.com\/online\/campagna-caffe-fairtrade-cambia-il-mondo-con-una-pausa-fino-al-19-aprile\/\" \/>\n<meta property=\"og:locale\" content=\"it_IT\" \/>\n<meta property=\"og:type\" content=\"article\" \/>\n<meta property=\"og:title\" content=\"Campagna caff\u00e8 Fairtrade\" \/>\n<meta property=\"og:description\" content=\"Campagna caff\u00e8 Fairtrade: dal 10 al 19 aprile inizia anche tu la giornata con un caff\u00e8 buono in tutti i sensi! Ciascuno pu\u00f2 contribuire a un mondo migliore.\" \/>\n<meta property=\"og:url\" content=\"https:\/\/www.iobevo.com\/online\/campagna-caffe-fairtrade-cambia-il-mondo-con-una-pausa-fino-al-19-aprile\/\" \/>\n<meta property=\"og:site_name\" content=\"io bevo\u00ae\" \/>\n<meta property=\"article:published_time\" content=\"2015-04-13T13:45:02+00:00\" \/>\n<meta property=\"article:modified_time\" content=\"2015-07-01T00:23:53+00:00\" \/>\n<meta property=\"og:image\" content=\"https:\/\/www.iobevo.com\/online\/wp-content\/uploads\/2015\/04\/Fairtrade-caff\u00e8.jpg\" \/>\n\t<meta property=\"og:image:width\" content=\"250\" \/>\n\t<meta property=\"og:image:height\" content=\"175\" \/>\n\t<meta property=\"og:image:type\" content=\"image\/jpeg\" \/>\n<meta name=\"author\" content=\"General Beverage\" \/>\n<meta name=\"twitter:card\" content=\"summary_large_image\" \/>\n<meta name=\"twitter:creator\" content=\"@IoBevo\" \/>\n<meta name=\"twitter:site\" content=\"@IoBevo\" \/>\n<meta name=\"twitter:label1\" content=\"Scritto da\" \/>\n\t<meta name=\"twitter:data1\" content=\"General Beverage\" \/>\n\t<meta name=\"twitter:label2\" content=\"Tempo di lettura stimato\" \/>\n\t<meta name=\"twitter:data2\" content=\"1 minuto\" \/>\n<script type=\"application\/ld+json\" class=\"yoast-schema-graph\">{\"@context\":\"https:\\\/\\\/schema.org\",\"@graph\":[{\"@type\":\"Article\",\"@id\":\"https:\\\/\\\/www.iobevo.com\\\/online\\\/campagna-caffe-fairtrade-cambia-il-mondo-con-una-pausa-fino-al-19-aprile\\\/#article\",\"isPartOf\":{\"@id\":\"https:\\\/\\\/www.iobevo.com\\\/online\\\/campagna-caffe-fairtrade-cambia-il-mondo-con-una-pausa-fino-al-19-aprile\\\/\"},\"author\":{\"name\":\"General Beverage\",\"@id\":\"https:\\\/\\\/www.iobevo.com\\\/online\\\/#\\\/schema\\\/person\\\/aec64c5f4c1758f9ad2c1e37e68f887e\"},\"headline\":\"Cambia il mondo con una pausa: con la campagna caff\u00e8 Fairtrade, fino al 19 aprile\",\"datePublished\":\"2015-04-13T13:45:02+00:00\",\"dateModified\":\"2015-07-01T00:23:53+00:00\",\"mainEntityOfPage\":{\"@id\":\"https:\\\/\\\/www.iobevo.com\\\/online\\\/campagna-caffe-fairtrade-cambia-il-mondo-con-una-pausa-fino-al-19-aprile\\\/\"},\"wordCount\":178,\"commentCount\":0,\"publisher\":{\"@id\":\"https:\\\/\\\/www.iobevo.com\\\/online\\\/#organization\"},\"image\":{\"@id\":\"https:\\\/\\\/www.iobevo.com\\\/online\\\/campagna-caffe-fairtrade-cambia-il-mondo-con-una-pausa-fino-al-19-aprile\\\/#primaryimage\"},\"thumbnailUrl\":\"https:\\\/\\\/www.iobevo.com\\\/online\\\/wp-content\\\/uploads\\\/2015\\\/04\\\/Fairtrade-caff\u00e8.jpg\",\"keywords\":[\"caff\u00e8\",\"equo e solidale\",\"Fairtrade\",\"io bevo\",\"iobevo\"],\"articleSection\":[\"Non categorizzato\",\"Novit\u00e0\"],\"inLanguage\":\"it-IT\",\"potentialAction\":[{\"@type\":\"CommentAction\",\"name\":\"Comment\",\"target\":[\"https:\\\/\\\/www.iobevo.com\\\/online\\\/campagna-caffe-fairtrade-cambia-il-mondo-con-una-pausa-fino-al-19-aprile\\\/#respond\"]}]},{\"@type\":\"WebPage\",\"@id\":\"https:\\\/\\\/www.iobevo.com\\\/online\\\/campagna-caffe-fairtrade-cambia-il-mondo-con-una-pausa-fino-al-19-aprile\\\/\",\"url\":\"https:\\\/\\\/www.iobevo.com\\\/online\\\/campagna-caffe-fairtrade-cambia-il-mondo-con-una-pausa-fino-al-19-aprile\\\/\",\"name\":\"Campagna caff\u00e8 Fairtrade\",\"isPartOf\":{\"@id\":\"https:\\\/\\\/www.iobevo.com\\\/online\\\/#website\"},\"primaryImageOfPage\":{\"@id\":\"https:\\\/\\\/www.iobevo.com\\\/online\\\/campagna-caffe-fairtrade-cambia-il-mondo-con-una-pausa-fino-al-19-aprile\\\/#primaryimage\"},\"image\":{\"@id\":\"https:\\\/\\\/www.iobevo.com\\\/online\\\/campagna-caffe-fairtrade-cambia-il-mondo-con-una-pausa-fino-al-19-aprile\\\/#primaryimage\"},\"thumbnailUrl\":\"https:\\\/\\\/www.iobevo.com\\\/online\\\/wp-content\\\/uploads\\\/2015\\\/04\\\/Fairtrade-caff\u00e8.jpg\",\"datePublished\":\"2015-04-13T13:45:02+00:00\",\"dateModified\":\"2015-07-01T00:23:53+00:00\",\"description\":\"Campagna caff\u00e8 Fairtrade: dal 10 al 19 aprile inizia anche tu la giornata con un caff\u00e8 buono in tutti i sensi! Ciascuno pu\u00f2 contribuire a un mondo migliore.\",\"inLanguage\":\"it-IT\",\"potentialAction\":[{\"@type\":\"ReadAction\",\"target\":[\"https:\\\/\\\/www.iobevo.com\\\/online\\\/campagna-caffe-fairtrade-cambia-il-mondo-con-una-pausa-fino-al-19-aprile\\\/\"]}]},{\"@type\":\"ImageObject\",\"inLanguage\":\"it-IT\",\"@id\":\"https:\\\/\\\/www.iobevo.com\\\/online\\\/campagna-caffe-fairtrade-cambia-il-mondo-con-una-pausa-fino-al-19-aprile\\\/#primaryimage\",\"url\":\"https:\\\/\\\/www.iobevo.com\\\/online\\\/wp-content\\\/uploads\\\/2015\\\/04\\\/Fairtrade-caff\u00e8.jpg\",\"contentUrl\":\"https:\\\/\\\/www.iobevo.com\\\/online\\\/wp-content\\\/uploads\\\/2015\\\/04\\\/Fairtrade-caff\u00e8.jpg\",\"width\":250,\"height\":175,\"caption\":\"Fairtrade Caff\u00e8 Equo e solidale\"},{\"@type\":\"WebSite\",\"@id\":\"https:\\\/\\\/www.iobevo.com\\\/online\\\/#website\",\"url\":\"https:\\\/\\\/www.iobevo.com\\\/online\\\/\",\"name\":\"io bevo\u00ae\",\"description\":\"Drink Plastic free\",\"publisher\":{\"@id\":\"https:\\\/\\\/www.iobevo.com\\\/online\\\/#organization\"},\"potentialAction\":[{\"@type\":\"SearchAction\",\"target\":{\"@type\":\"EntryPoint\",\"urlTemplate\":\"https:\\\/\\\/www.iobevo.com\\\/online\\\/?s={search_term_string}\"},\"query-input\":{\"@type\":\"PropertyValueSpecification\",\"valueRequired\":true,\"valueName\":\"search_term_string\"}}],\"inLanguage\":\"it-IT\"},{\"@type\":\"Organization\",\"@id\":\"https:\\\/\\\/www.iobevo.com\\\/online\\\/#organization\",\"name\":\"General Beverage\",\"url\":\"https:\\\/\\\/www.iobevo.com\\\/online\\\/\",\"logo\":{\"@type\":\"ImageObject\",\"inLanguage\":\"it-IT\",\"@id\":\"https:\\\/\\\/www.iobevo.com\\\/online\\\/#\\\/schema\\\/logo\\\/image\\\/\",\"url\":\"https:\\\/\\\/www.iobevo.com\\\/online\\\/wp-content\\\/uploads\\\/2014\\\/01\\\/logo_gb_horizontal_grey_160x47.png\",\"contentUrl\":\"https:\\\/\\\/www.iobevo.com\\\/online\\\/wp-content\\\/uploads\\\/2014\\\/01\\\/logo_gb_horizontal_grey_160x47.png\",\"width\":160,\"height\":47,\"caption\":\"General Beverage\"},\"image\":{\"@id\":\"https:\\\/\\\/www.iobevo.com\\\/online\\\/#\\\/schema\\\/logo\\\/image\\\/\"},\"sameAs\":[\"https:\\\/\\\/x.com\\\/IoBevo\"]},{\"@type\":\"Person\",\"@id\":\"https:\\\/\\\/www.iobevo.com\\\/online\\\/#\\\/schema\\\/person\\\/aec64c5f4c1758f9ad2c1e37e68f887e\",\"name\":\"General Beverage\",\"image\":{\"@type\":\"ImageObject\",\"inLanguage\":\"it-IT\",\"@id\":\"https:\\\/\\\/secure.gravatar.com\\\/avatar\\\/50da32a981d9ddb152bdaa8b1880365710ecf32ab963597fb3658bda651af55b?s=96&d=mm&r=g\",\"url\":\"https:\\\/\\\/secure.gravatar.com\\\/avatar\\\/50da32a981d9ddb152bdaa8b1880365710ecf32ab963597fb3658bda651af55b?s=96&d=mm&r=g\",\"contentUrl\":\"https:\\\/\\\/secure.gravatar.com\\\/avatar\\\/50da32a981d9ddb152bdaa8b1880365710ecf32ab963597fb3658bda651af55b?s=96&d=mm&r=g\",\"caption\":\"General Beverage\"},\"url\":\"https:\\\/\\\/www.iobevo.com\\\/online\\\/author\\\/general-beverage\\\/\"}]}<\/script>\n<!-- \/ Yoast SEO plugin. -->","yoast_head_json":{"title":"Campagna caff\u00e8 Fairtrade","description":"Campagna caff\u00e8 Fairtrade: dal 10 al 19 aprile inizia anche tu la giornata con un caff\u00e8 buono in tutti i sensi! Ciascuno pu\u00f2 contribuire a un mondo migliore.","robots":{"index":"index","follow":"follow","max-snippet":"max-snippet:-1","max-image-preview":"max-image-preview:large","max-video-preview":"max-video-preview:-1"},"canonical":"https:\/\/www.iobevo.com\/online\/campagna-caffe-fairtrade-cambia-il-mondo-con-una-pausa-fino-al-19-aprile\/","og_locale":"it_IT","og_type":"article","og_title":"Campagna caff\u00e8 Fairtrade","og_description":"Campagna caff\u00e8 Fairtrade: dal 10 al 19 aprile inizia anche tu la giornata con un caff\u00e8 buono in tutti i sensi! Ciascuno pu\u00f2 contribuire a un mondo migliore.","og_url":"https:\/\/www.iobevo.com\/online\/campagna-caffe-fairtrade-cambia-il-mondo-con-una-pausa-fino-al-19-aprile\/","og_site_name":"io bevo\u00ae","article_published_time":"2015-04-13T13:45:02+00:00","article_modified_time":"2015-07-01T00:23:53+00:00","og_image":[{"width":250,"height":175,"url":"https:\/\/www.iobevo.com\/online\/wp-content\/uploads\/2015\/04\/Fairtrade-caff\u00e8.jpg","type":"image\/jpeg"}],"author":"General Beverage","twitter_card":"summary_large_image","twitter_creator":"@IoBevo","twitter_site":"@IoBevo","twitter_misc":{"Scritto da":"General Beverage","Tempo di lettura stimato":"1 minuto"},"schema":{"@context":"https:\/\/schema.org","@graph":[{"@type":"Article","@id":"https:\/\/www.iobevo.com\/online\/campagna-caffe-fairtrade-cambia-il-mondo-con-una-pausa-fino-al-19-aprile\/#article","isPartOf":{"@id":"https:\/\/www.iobevo.com\/online\/campagna-caffe-fairtrade-cambia-il-mondo-con-una-pausa-fino-al-19-aprile\/"},"author":{"name":"General Beverage","@id":"https:\/\/www.iobevo.com\/online\/#\/schema\/person\/aec64c5f4c1758f9ad2c1e37e68f887e"},"headline":"Cambia il mondo con una pausa: con la campagna caff\u00e8 Fairtrade, fino al 19 aprile","datePublished":"2015-04-13T13:45:02+00:00","dateModified":"2015-07-01T00:23:53+00:00","mainEntityOfPage":{"@id":"https:\/\/www.iobevo.com\/online\/campagna-caffe-fairtrade-cambia-il-mondo-con-una-pausa-fino-al-19-aprile\/"},"wordCount":178,"commentCount":0,"publisher":{"@id":"https:\/\/www.iobevo.com\/online\/#organization"},"image":{"@id":"https:\/\/www.iobevo.com\/online\/campagna-caffe-fairtrade-cambia-il-mondo-con-una-pausa-fino-al-19-aprile\/#primaryimage"},"thumbnailUrl":"https:\/\/www.iobevo.com\/online\/wp-content\/uploads\/2015\/04\/Fairtrade-caff\u00e8.jpg","keywords":["caff\u00e8","equo e solidale","Fairtrade","io bevo","iobevo"],"articleSection":["Non categorizzato","Novit\u00e0"],"inLanguage":"it-IT","potentialAction":[{"@type":"CommentAction","name":"Comment","target":["https:\/\/www.iobevo.com\/online\/campagna-caffe-fairtrade-cambia-il-mondo-con-una-pausa-fino-al-19-aprile\/#respond"]}]},{"@type":"WebPage","@id":"https:\/\/www.iobevo.com\/online\/campagna-caffe-fairtrade-cambia-il-mondo-con-una-pausa-fino-al-19-aprile\/","url":"https:\/\/www.iobevo.com\/online\/campagna-caffe-fairtrade-cambia-il-mondo-con-una-pausa-fino-al-19-aprile\/","name":"Campagna caff\u00e8 Fairtrade","isPartOf":{"@id":"https:\/\/www.iobevo.com\/online\/#website"},"primaryImageOfPage":{"@id":"https:\/\/www.iobevo.com\/online\/campagna-caffe-fairtrade-cambia-il-mondo-con-una-pausa-fino-al-19-aprile\/#primaryimage"},"image":{"@id":"https:\/\/www.iobevo.com\/online\/campagna-caffe-fairtrade-cambia-il-mondo-con-una-pausa-fino-al-19-aprile\/#primaryimage"},"thumbnailUrl":"https:\/\/www.iobevo.com\/online\/wp-content\/uploads\/2015\/04\/Fairtrade-caff\u00e8.jpg","datePublished":"2015-04-13T13:45:02+00:00","dateModified":"2015-07-01T00:23:53+00:00","description":"Campagna caff\u00e8 Fairtrade: dal 10 al 19 aprile inizia anche tu la giornata con un caff\u00e8 buono in tutti i sensi! Ciascuno pu\u00f2 contribuire a un mondo migliore.","inLanguage":"it-IT","potentialAction":[{"@type":"ReadAction","target":["https:\/\/www.iobevo.com\/online\/campagna-caffe-fairtrade-cambia-il-mondo-con-una-pausa-fino-al-19-aprile\/"]}]},{"@type":"ImageObject","inLanguage":"it-IT","@id":"https:\/\/www.iobevo.com\/online\/campagna-caffe-fairtrade-cambia-il-mondo-con-una-pausa-fino-al-19-aprile\/#primaryimage","url":"https:\/\/www.iobevo.com\/online\/wp-content\/uploads\/2015\/04\/Fairtrade-caff\u00e8.jpg","contentUrl":"https:\/\/www.iobevo.com\/online\/wp-content\/uploads\/2015\/04\/Fairtrade-caff\u00e8.jpg","width":250,"height":175,"caption":"Fairtrade Caff\u00e8 Equo e solidale"},{"@type":"WebSite","@id":"https:\/\/www.iobevo.com\/online\/#website","url":"https:\/\/www.iobevo.com\/online\/","name":"io bevo\u00ae","description":"Drink Plastic free","publisher":{"@id":"https:\/\/www.iobevo.com\/online\/#organization"},"potentialAction":[{"@type":"SearchAction","target":{"@type":"EntryPoint","urlTemplate":"https:\/\/www.iobevo.com\/online\/?s={search_term_string}"},"query-input":{"@type":"PropertyValueSpecification","valueRequired":true,"valueName":"search_term_string"}}],"inLanguage":"it-IT"},{"@type":"Organization","@id":"https:\/\/www.iobevo.com\/online\/#organization","name":"General Beverage","url":"https:\/\/www.iobevo.com\/online\/","logo":{"@type":"ImageObject","inLanguage":"it-IT","@id":"https:\/\/www.iobevo.com\/online\/#\/schema\/logo\/image\/","url":"https:\/\/www.iobevo.com\/online\/wp-content\/uploads\/2014\/01\/logo_gb_horizontal_grey_160x47.png","contentUrl":"https:\/\/www.iobevo.com\/online\/wp-content\/uploads\/2014\/01\/logo_gb_horizontal_grey_160x47.png","width":160,"height":47,"caption":"General Beverage"},"image":{"@id":"https:\/\/www.iobevo.com\/online\/#\/schema\/logo\/image\/"},"sameAs":["https:\/\/x.com\/IoBevo"]},{"@type":"Person","@id":"https:\/\/www.iobevo.com\/online\/#\/schema\/person\/aec64c5f4c1758f9ad2c1e37e68f887e","name":"General Beverage","image":{"@type":"ImageObject","inLanguage":"it-IT","@id":"https:\/\/secure.gravatar.com\/avatar\/50da32a981d9ddb152bdaa8b1880365710ecf32ab963597fb3658bda651af55b?s=96&d=mm&r=g","url":"https:\/\/secure.gravatar.com\/avatar\/50da32a981d9ddb152bdaa8b1880365710ecf32ab963597fb3658bda651af55b?s=96&d=mm&r=g","contentUrl":"https:\/\/secure.gravatar.com\/avatar\/50da32a981d9ddb152bdaa8b1880365710ecf32ab963597fb3658bda651af55b?s=96&d=mm&r=g","caption":"General Beverage"},"url":"https:\/\/www.iobevo.com\/online\/author\/general-beverage\/"}]}},"_links":{"self":[{"href":"https:\/\/www.iobevo.com\/online\/wp-json\/wp\/v2\/posts\/10134","targetHints":{"allow":["GET"]}}],"collection":[{"href":"https:\/\/www.iobevo.com\/online\/wp-json\/wp\/v2\/posts"}],"about":[{"href":"https:\/\/www.iobevo.com\/online\/wp-json\/wp\/v2\/types\/post"}],"author":[{"embeddable":true,"href":"https:\/\/www.iobevo.com\/online\/wp-json\/wp\/v2\/users\/58"}],"replies":[{"embeddable":true,"href":"https:\/\/www.iobevo.com\/online\/wp-json\/wp\/v2\/comments?post=10134"}],"version-history":[{"count":0,"href":"https:\/\/www.iobevo.com\/online\/wp-json\/wp\/v2\/posts\/10134\/revisions"}],"wp:featuredmedia":[{"embeddable":true,"href":"https:\/\/www.iobevo.com\/online\/wp-json\/wp\/v2\/media\/10135"}],"wp:attachment":[{"href":"https:\/\/www.iobevo.com\/online\/wp-json\/wp\/v2\/media?parent=10134"}],"wp:term":[{"taxonomy":"category","embeddable":true,"href":"https:\/\/www.iobevo.com\/online\/wp-json\/wp\/v2\/categories?post=10134"},{"taxonomy":"post_tag","embeddable":true,"href":"https:\/\/www.iobevo.com\/online\/wp-json\/wp\/v2\/tags?post=10134"}],"curies":[{"name":"wp","href":"https:\/\/api.w.org\/{rel}","templated":true}]}}