{"id":10457,"date":"2015-12-17T14:30:58","date_gmt":"2015-12-17T12:30:58","guid":{"rendered":"http:\/\/www.iobevo.com\/online\/?p=10457"},"modified":"2015-12-17T13:16:32","modified_gmt":"2015-12-17T11:16:32","slug":"io-bevo-per-il-clima-accordo-di-parigi","status":"publish","type":"post","link":"https:\/\/www.iobevo.com\/online\/io-bevo-per-il-clima-accordo-di-parigi\/","title":{"rendered":"io bevo per il clima: il contributo per l&#8217;Accordo di Parigi"},"content":{"rendered":"<p>La COP21, la Conferenza delle Nazioni Unite sui Cambiamenti Climatici che si \u00e8 conclusa sabato scorso a Parigi, ha consegnato al mondo uno storico e ambizioso Accordo: \u00e8 stato stabilito che entro la seconda met\u00e0 di questo secolo l\u2019economia mondiale dovr\u00e0 divenire a emissioni nette zero, per raggiungere un obiettivo di contenimento dell\u2019aumento di temperatura media globale ben sotto i 2\u00b0 gradi centigradi, con uno sforzo per rimanere entro +1,5\u00b0.<\/p>\n<p>L&#8217;obiettivo contenuto nell&#8217;Accordo di Parigi \u00e8 molto ambizioso, soprattutto se si pensa allo status attuale: come registrato dalla NOAA statunitense, l\u2019aumento delle temperature misura gi\u00e0 un +0,8\u00b0C e anche se oggi stesso le emissioni di gas serra improvvisamente di arrestassero, la temperatura sarebbe comunque destinata ad aumentare. Saranno quindi necessari importanti tagli alle emissioni di gas serra, che, secondo l\u2019Intergovernamental Panel on Climate Change, dovranno arrivare al 40\/70% delle emissioni al 2050.<\/p>\n<p>Per questo anche noi di <span style=\"color: #05a30d;\"><strong>io bevo<\/strong><\/span> continuiamo a dare il nostro piccolo ma tangibile contributo attraverso i nostri servizi, i cui risultati ambientali sono legati soprattutto alla prevenzione dei rifiuti da imballaggio dell\u2019acqua e delle bevande (in particolare bottiglie in PET e lattine), che vengono ridotti del 99%. Solo relativamente al servizio freebeverage \u00ae i<span style=\"color: #05a30d;\"> <strong>risultati ambientali 2014<\/strong><\/span>, grazie alla sua applicazione in oltre 90 milioni di pasti, sono stati infatti i seguenti:<\/p>\n<p><span style=\"color: #05a30d;\"><strong>&#8211; 3.300 tonnellate rifiuti da imballaggio evitati<\/strong><\/span><br \/>\n<span style=\"color: #05a30d;\"><strong>&#8211; 138.000 tonnellate di merce non trasportata<\/strong><\/span><br \/>\n<span style=\"color: #05a30d;\"><strong>&#8211; 4300 tonnellate di petrolio non consumato<\/strong><\/span><br \/>\n<span style=\"color: #05a30d;\"><strong>&#8211; 5500 tonnellate di CO2 non emesse<\/strong><\/span><\/p>\n<p>La prevenzione rifiuti e trasporti caratterizza anche tutti gli altri servizi: io pura, realizzato in uffici, scuole, ospedali, permette l\u2019eliminazione dei rifiuti in pet delle bottiglie di acqua minerale; RistoSano riduce gli imballaggi rispetto ai prodotti gi\u00e0 pronti e confezionati (omogeneizzati, mousse e piatti pronti monoporzione). La drastica riduzione di trasporti, rifiuti da imballaggio, sprechi caratterizza in generale tutte le nostra attivit\u00e0.<\/p>\n<p><a href=\"http:\/\/www.unfccc.int\">www.unfccc.int<\/a><\/p>\n","protected":false},"excerpt":{"rendered":"<p>La COP21, la Conferenza delle Nazioni Unite sui Cambiamenti Climatici che si \u00e8 conclusa sabato scorso a Parigi, ha consegnato al mondo uno storico e ambizioso Accordo: \u00e8 stato stabilito che entro la seconda met\u00e0 di questo secolo l\u2019economia mondiale dovr\u00e0 divenire a emissioni nette zero, per raggiungere un obiettivo [&hellip;]<\/p>\n","protected":false},"author":58,"featured_media":10458,"comment_status":"open","ping_status":"open","sticky":false,"template":"","format":"standard","meta":{"footnotes":""},"categories":[1,138],"tags":[],"class_list":["post-10457","post","type-post","status-publish","format-standard","has-post-thumbnail","hentry","category-non-categorizzato","category-novita"],"yoast_head":"<!-- This site is optimized with the Yoast SEO plugin v27.5 - https:\/\/yoast.com\/product\/yoast-seo-wordpress\/ -->\n<title>io bevo per il clima: il contributo per l&#039;Accordo di Parigi - io bevo\u00ae<\/title>\n<meta name=\"robots\" content=\"index, follow, max-snippet:-1, max-image-preview:large, max-video-preview:-1\" \/>\n<link rel=\"canonical\" href=\"https:\/\/www.iobevo.com\/online\/io-bevo-per-il-clima-accordo-di-parigi\/\" \/>\n<meta property=\"og:locale\" content=\"it_IT\" \/>\n<meta property=\"og:type\" content=\"article\" \/>\n<meta property=\"og:title\" content=\"io bevo per il clima: il contributo per l&#039;Accordo di Parigi - io bevo\u00ae\" \/>\n<meta property=\"og:description\" content=\"La COP21, la Conferenza delle Nazioni Unite sui Cambiamenti Climatici che si \u00e8 conclusa sabato scorso a Parigi, ha consegnato al mondo uno storico e ambizioso Accordo: \u00e8 stato stabilito che entro la seconda met\u00e0 di questo secolo l\u2019economia mondiale dovr\u00e0 divenire a emissioni nette zero, per raggiungere un obiettivo [&hellip;]\" \/>\n<meta property=\"og:url\" content=\"https:\/\/www.iobevo.com\/online\/io-bevo-per-il-clima-accordo-di-parigi\/\" \/>\n<meta property=\"og:site_name\" content=\"io bevo\u00ae\" \/>\n<meta property=\"article:published_time\" content=\"2015-12-17T12:30:58+00:00\" \/>\n<meta property=\"og:image\" content=\"https:\/\/www.iobevo.com\/online\/wp-content\/uploads\/2015\/12\/cop21-paris.jpg\" \/>\n\t<meta property=\"og:image:width\" content=\"800\" \/>\n\t<meta property=\"og:image:height\" content=\"533\" \/>\n\t<meta property=\"og:image:type\" content=\"image\/jpeg\" \/>\n<meta name=\"author\" content=\"General Beverage\" \/>\n<meta name=\"twitter:card\" content=\"summary_large_image\" \/>\n<meta name=\"twitter:creator\" content=\"@IoBevo\" \/>\n<meta name=\"twitter:site\" content=\"@IoBevo\" \/>\n<meta name=\"twitter:label1\" content=\"Scritto da\" \/>\n\t<meta name=\"twitter:data1\" content=\"General Beverage\" \/>\n\t<meta name=\"twitter:label2\" content=\"Tempo di lettura stimato\" \/>\n\t<meta name=\"twitter:data2\" content=\"2 minuti\" \/>\n<script type=\"application\/ld+json\" class=\"yoast-schema-graph\">{\"@context\":\"https:\\\/\\\/schema.org\",\"@graph\":[{\"@type\":\"Article\",\"@id\":\"https:\\\/\\\/www.iobevo.com\\\/online\\\/io-bevo-per-il-clima-accordo-di-parigi\\\/#article\",\"isPartOf\":{\"@id\":\"https:\\\/\\\/www.iobevo.com\\\/online\\\/io-bevo-per-il-clima-accordo-di-parigi\\\/\"},\"author\":{\"name\":\"General Beverage\",\"@id\":\"https:\\\/\\\/www.iobevo.com\\\/online\\\/#\\\/schema\\\/person\\\/aec64c5f4c1758f9ad2c1e37e68f887e\"},\"headline\":\"io bevo per il clima: il contributo per l&#8217;Accordo di Parigi\",\"datePublished\":\"2015-12-17T12:30:58+00:00\",\"mainEntityOfPage\":{\"@id\":\"https:\\\/\\\/www.iobevo.com\\\/online\\\/io-bevo-per-il-clima-accordo-di-parigi\\\/\"},\"wordCount\":311,\"commentCount\":0,\"publisher\":{\"@id\":\"https:\\\/\\\/www.iobevo.com\\\/online\\\/#organization\"},\"image\":{\"@id\":\"https:\\\/\\\/www.iobevo.com\\\/online\\\/io-bevo-per-il-clima-accordo-di-parigi\\\/#primaryimage\"},\"thumbnailUrl\":\"https:\\\/\\\/www.iobevo.com\\\/online\\\/wp-content\\\/uploads\\\/2015\\\/12\\\/cop21-paris.jpg\",\"articleSection\":[\"Non categorizzato\",\"Novit\u00e0\"],\"inLanguage\":\"it-IT\",\"potentialAction\":[{\"@type\":\"CommentAction\",\"name\":\"Comment\",\"target\":[\"https:\\\/\\\/www.iobevo.com\\\/online\\\/io-bevo-per-il-clima-accordo-di-parigi\\\/#respond\"]}]},{\"@type\":\"WebPage\",\"@id\":\"https:\\\/\\\/www.iobevo.com\\\/online\\\/io-bevo-per-il-clima-accordo-di-parigi\\\/\",\"url\":\"https:\\\/\\\/www.iobevo.com\\\/online\\\/io-bevo-per-il-clima-accordo-di-parigi\\\/\",\"name\":\"io bevo per il clima: il contributo per l'Accordo di Parigi - io bevo\u00ae\",\"isPartOf\":{\"@id\":\"https:\\\/\\\/www.iobevo.com\\\/online\\\/#website\"},\"primaryImageOfPage\":{\"@id\":\"https:\\\/\\\/www.iobevo.com\\\/online\\\/io-bevo-per-il-clima-accordo-di-parigi\\\/#primaryimage\"},\"image\":{\"@id\":\"https:\\\/\\\/www.iobevo.com\\\/online\\\/io-bevo-per-il-clima-accordo-di-parigi\\\/#primaryimage\"},\"thumbnailUrl\":\"https:\\\/\\\/www.iobevo.com\\\/online\\\/wp-content\\\/uploads\\\/2015\\\/12\\\/cop21-paris.jpg\",\"datePublished\":\"2015-12-17T12:30:58+00:00\",\"inLanguage\":\"it-IT\",\"potentialAction\":[{\"@type\":\"ReadAction\",\"target\":[\"https:\\\/\\\/www.iobevo.com\\\/online\\\/io-bevo-per-il-clima-accordo-di-parigi\\\/\"]}]},{\"@type\":\"ImageObject\",\"inLanguage\":\"it-IT\",\"@id\":\"https:\\\/\\\/www.iobevo.com\\\/online\\\/io-bevo-per-il-clima-accordo-di-parigi\\\/#primaryimage\",\"url\":\"https:\\\/\\\/www.iobevo.com\\\/online\\\/wp-content\\\/uploads\\\/2015\\\/12\\\/cop21-paris.jpg\",\"contentUrl\":\"https:\\\/\\\/www.iobevo.com\\\/online\\\/wp-content\\\/uploads\\\/2015\\\/12\\\/cop21-paris.jpg\",\"width\":800,\"height\":533,\"caption\":\"cop21 parigi\"},{\"@type\":\"WebSite\",\"@id\":\"https:\\\/\\\/www.iobevo.com\\\/online\\\/#website\",\"url\":\"https:\\\/\\\/www.iobevo.com\\\/online\\\/\",\"name\":\"io bevo\u00ae\",\"description\":\"Drink Plastic free\",\"publisher\":{\"@id\":\"https:\\\/\\\/www.iobevo.com\\\/online\\\/#organization\"},\"potentialAction\":[{\"@type\":\"SearchAction\",\"target\":{\"@type\":\"EntryPoint\",\"urlTemplate\":\"https:\\\/\\\/www.iobevo.com\\\/online\\\/?s={search_term_string}\"},\"query-input\":{\"@type\":\"PropertyValueSpecification\",\"valueRequired\":true,\"valueName\":\"search_term_string\"}}],\"inLanguage\":\"it-IT\"},{\"@type\":\"Organization\",\"@id\":\"https:\\\/\\\/www.iobevo.com\\\/online\\\/#organization\",\"name\":\"General Beverage\",\"url\":\"https:\\\/\\\/www.iobevo.com\\\/online\\\/\",\"logo\":{\"@type\":\"ImageObject\",\"inLanguage\":\"it-IT\",\"@id\":\"https:\\\/\\\/www.iobevo.com\\\/online\\\/#\\\/schema\\\/logo\\\/image\\\/\",\"url\":\"https:\\\/\\\/www.iobevo.com\\\/online\\\/wp-content\\\/uploads\\\/2014\\\/01\\\/logo_gb_horizontal_grey_160x47.png\",\"contentUrl\":\"https:\\\/\\\/www.iobevo.com\\\/online\\\/wp-content\\\/uploads\\\/2014\\\/01\\\/logo_gb_horizontal_grey_160x47.png\",\"width\":160,\"height\":47,\"caption\":\"General Beverage\"},\"image\":{\"@id\":\"https:\\\/\\\/www.iobevo.com\\\/online\\\/#\\\/schema\\\/logo\\\/image\\\/\"},\"sameAs\":[\"https:\\\/\\\/x.com\\\/IoBevo\"]},{\"@type\":\"Person\",\"@id\":\"https:\\\/\\\/www.iobevo.com\\\/online\\\/#\\\/schema\\\/person\\\/aec64c5f4c1758f9ad2c1e37e68f887e\",\"name\":\"General Beverage\",\"image\":{\"@type\":\"ImageObject\",\"inLanguage\":\"it-IT\",\"@id\":\"https:\\\/\\\/secure.gravatar.com\\\/avatar\\\/50da32a981d9ddb152bdaa8b1880365710ecf32ab963597fb3658bda651af55b?s=96&d=mm&r=g\",\"url\":\"https:\\\/\\\/secure.gravatar.com\\\/avatar\\\/50da32a981d9ddb152bdaa8b1880365710ecf32ab963597fb3658bda651af55b?s=96&d=mm&r=g\",\"contentUrl\":\"https:\\\/\\\/secure.gravatar.com\\\/avatar\\\/50da32a981d9ddb152bdaa8b1880365710ecf32ab963597fb3658bda651af55b?s=96&d=mm&r=g\",\"caption\":\"General Beverage\"},\"url\":\"https:\\\/\\\/www.iobevo.com\\\/online\\\/author\\\/general-beverage\\\/\"}]}<\/script>\n<!-- \/ Yoast SEO plugin. -->","yoast_head_json":{"title":"io bevo per il clima: il contributo per l'Accordo di Parigi - io bevo\u00ae","robots":{"index":"index","follow":"follow","max-snippet":"max-snippet:-1","max-image-preview":"max-image-preview:large","max-video-preview":"max-video-preview:-1"},"canonical":"https:\/\/www.iobevo.com\/online\/io-bevo-per-il-clima-accordo-di-parigi\/","og_locale":"it_IT","og_type":"article","og_title":"io bevo per il clima: il contributo per l'Accordo di Parigi - io bevo\u00ae","og_description":"La COP21, la Conferenza delle Nazioni Unite sui Cambiamenti Climatici che si \u00e8 conclusa sabato scorso a Parigi, ha consegnato al mondo uno storico e ambizioso Accordo: \u00e8 stato stabilito che entro la seconda met\u00e0 di questo secolo l\u2019economia mondiale dovr\u00e0 divenire a emissioni nette zero, per raggiungere un obiettivo [&hellip;]","og_url":"https:\/\/www.iobevo.com\/online\/io-bevo-per-il-clima-accordo-di-parigi\/","og_site_name":"io bevo\u00ae","article_published_time":"2015-12-17T12:30:58+00:00","og_image":[{"width":800,"height":533,"url":"https:\/\/www.iobevo.com\/online\/wp-content\/uploads\/2015\/12\/cop21-paris.jpg","type":"image\/jpeg"}],"author":"General Beverage","twitter_card":"summary_large_image","twitter_creator":"@IoBevo","twitter_site":"@IoBevo","twitter_misc":{"Scritto da":"General Beverage","Tempo di lettura stimato":"2 minuti"},"schema":{"@context":"https:\/\/schema.org","@graph":[{"@type":"Article","@id":"https:\/\/www.iobevo.com\/online\/io-bevo-per-il-clima-accordo-di-parigi\/#article","isPartOf":{"@id":"https:\/\/www.iobevo.com\/online\/io-bevo-per-il-clima-accordo-di-parigi\/"},"author":{"name":"General Beverage","@id":"https:\/\/www.iobevo.com\/online\/#\/schema\/person\/aec64c5f4c1758f9ad2c1e37e68f887e"},"headline":"io bevo per il clima: il contributo per l&#8217;Accordo di Parigi","datePublished":"2015-12-17T12:30:58+00:00","mainEntityOfPage":{"@id":"https:\/\/www.iobevo.com\/online\/io-bevo-per-il-clima-accordo-di-parigi\/"},"wordCount":311,"commentCount":0,"publisher":{"@id":"https:\/\/www.iobevo.com\/online\/#organization"},"image":{"@id":"https:\/\/www.iobevo.com\/online\/io-bevo-per-il-clima-accordo-di-parigi\/#primaryimage"},"thumbnailUrl":"https:\/\/www.iobevo.com\/online\/wp-content\/uploads\/2015\/12\/cop21-paris.jpg","articleSection":["Non categorizzato","Novit\u00e0"],"inLanguage":"it-IT","potentialAction":[{"@type":"CommentAction","name":"Comment","target":["https:\/\/www.iobevo.com\/online\/io-bevo-per-il-clima-accordo-di-parigi\/#respond"]}]},{"@type":"WebPage","@id":"https:\/\/www.iobevo.com\/online\/io-bevo-per-il-clima-accordo-di-parigi\/","url":"https:\/\/www.iobevo.com\/online\/io-bevo-per-il-clima-accordo-di-parigi\/","name":"io bevo per il clima: il contributo per l'Accordo di Parigi - io bevo\u00ae","isPartOf":{"@id":"https:\/\/www.iobevo.com\/online\/#website"},"primaryImageOfPage":{"@id":"https:\/\/www.iobevo.com\/online\/io-bevo-per-il-clima-accordo-di-parigi\/#primaryimage"},"image":{"@id":"https:\/\/www.iobevo.com\/online\/io-bevo-per-il-clima-accordo-di-parigi\/#primaryimage"},"thumbnailUrl":"https:\/\/www.iobevo.com\/online\/wp-content\/uploads\/2015\/12\/cop21-paris.jpg","datePublished":"2015-12-17T12:30:58+00:00","inLanguage":"it-IT","potentialAction":[{"@type":"ReadAction","target":["https:\/\/www.iobevo.com\/online\/io-bevo-per-il-clima-accordo-di-parigi\/"]}]},{"@type":"ImageObject","inLanguage":"it-IT","@id":"https:\/\/www.iobevo.com\/online\/io-bevo-per-il-clima-accordo-di-parigi\/#primaryimage","url":"https:\/\/www.iobevo.com\/online\/wp-content\/uploads\/2015\/12\/cop21-paris.jpg","contentUrl":"https:\/\/www.iobevo.com\/online\/wp-content\/uploads\/2015\/12\/cop21-paris.jpg","width":800,"height":533,"caption":"cop21 parigi"},{"@type":"WebSite","@id":"https:\/\/www.iobevo.com\/online\/#website","url":"https:\/\/www.iobevo.com\/online\/","name":"io bevo\u00ae","description":"Drink Plastic free","publisher":{"@id":"https:\/\/www.iobevo.com\/online\/#organization"},"potentialAction":[{"@type":"SearchAction","target":{"@type":"EntryPoint","urlTemplate":"https:\/\/www.iobevo.com\/online\/?s={search_term_string}"},"query-input":{"@type":"PropertyValueSpecification","valueRequired":true,"valueName":"search_term_string"}}],"inLanguage":"it-IT"},{"@type":"Organization","@id":"https:\/\/www.iobevo.com\/online\/#organization","name":"General Beverage","url":"https:\/\/www.iobevo.com\/online\/","logo":{"@type":"ImageObject","inLanguage":"it-IT","@id":"https:\/\/www.iobevo.com\/online\/#\/schema\/logo\/image\/","url":"https:\/\/www.iobevo.com\/online\/wp-content\/uploads\/2014\/01\/logo_gb_horizontal_grey_160x47.png","contentUrl":"https:\/\/www.iobevo.com\/online\/wp-content\/uploads\/2014\/01\/logo_gb_horizontal_grey_160x47.png","width":160,"height":47,"caption":"General Beverage"},"image":{"@id":"https:\/\/www.iobevo.com\/online\/#\/schema\/logo\/image\/"},"sameAs":["https:\/\/x.com\/IoBevo"]},{"@type":"Person","@id":"https:\/\/www.iobevo.com\/online\/#\/schema\/person\/aec64c5f4c1758f9ad2c1e37e68f887e","name":"General Beverage","image":{"@type":"ImageObject","inLanguage":"it-IT","@id":"https:\/\/secure.gravatar.com\/avatar\/50da32a981d9ddb152bdaa8b1880365710ecf32ab963597fb3658bda651af55b?s=96&d=mm&r=g","url":"https:\/\/secure.gravatar.com\/avatar\/50da32a981d9ddb152bdaa8b1880365710ecf32ab963597fb3658bda651af55b?s=96&d=mm&r=g","contentUrl":"https:\/\/secure.gravatar.com\/avatar\/50da32a981d9ddb152bdaa8b1880365710ecf32ab963597fb3658bda651af55b?s=96&d=mm&r=g","caption":"General Beverage"},"url":"https:\/\/www.iobevo.com\/online\/author\/general-beverage\/"}]}},"_links":{"self":[{"href":"https:\/\/www.iobevo.com\/online\/wp-json\/wp\/v2\/posts\/10457","targetHints":{"allow":["GET"]}}],"collection":[{"href":"https:\/\/www.iobevo.com\/online\/wp-json\/wp\/v2\/posts"}],"about":[{"href":"https:\/\/www.iobevo.com\/online\/wp-json\/wp\/v2\/types\/post"}],"author":[{"embeddable":true,"href":"https:\/\/www.iobevo.com\/online\/wp-json\/wp\/v2\/users\/58"}],"replies":[{"embeddable":true,"href":"https:\/\/www.iobevo.com\/online\/wp-json\/wp\/v2\/comments?post=10457"}],"version-history":[{"count":0,"href":"https:\/\/www.iobevo.com\/online\/wp-json\/wp\/v2\/posts\/10457\/revisions"}],"wp:featuredmedia":[{"embeddable":true,"href":"https:\/\/www.iobevo.com\/online\/wp-json\/wp\/v2\/media\/10458"}],"wp:attachment":[{"href":"https:\/\/www.iobevo.com\/online\/wp-json\/wp\/v2\/media?parent=10457"}],"wp:term":[{"taxonomy":"category","embeddable":true,"href":"https:\/\/www.iobevo.com\/online\/wp-json\/wp\/v2\/categories?post=10457"},{"taxonomy":"post_tag","embeddable":true,"href":"https:\/\/www.iobevo.com\/online\/wp-json\/wp\/v2\/tags?post=10457"}],"curies":[{"name":"wp","href":"https:\/\/api.w.org\/{rel}","templated":true}]}}