{"id":15304,"date":"2018-08-29T07:15:04","date_gmt":"2018-08-29T05:15:04","guid":{"rendered":"https:\/\/www.iobevo.com\/online\/?p=15304"},"modified":"2018-08-21T12:20:09","modified_gmt":"2018-08-21T10:20:09","slug":"aloe-vera-le-proprieta-del-succo-e-del-gel","status":"publish","type":"post","link":"https:\/\/www.iobevo.com\/online\/aloe-vera-le-proprieta-del-succo-e-del-gel\/","title":{"rendered":"ALOE VERA: le propriet\u00e0 del succo e del gel"},"content":{"rendered":"<p>Cicatrizzante, antinfiammatoria, rinfrescante: sono solo alcune delle propriet\u00e0 dell\u2019Aloe Vera, pianta succulenta della famiglia delle Aloeacee.\u00a0Il suo uso \u00e8 molto antico: era gi\u00e0 nota e utilizzata presso gli Egizi per la cura e l\u2019igiene del corpo, ma il suo studio sistematico ebbe inizio nel 1959 con Bill Coats, che riusc\u00ec a stabilizzare, con un procedimento naturale, la polpa estratta dalle foglie per realizzare prodotti a base di Aloe Vera, conservando enzimi e vitamine presenti nel <strong>succo<\/strong>.<\/p>\n<p>L\u2019estrazione avviene dalle <strong>foglie della pianta<\/strong>: si ottengono il gel, per uso esterno, e il succo, per uso interno. Contengono numerosi principi attivi ricchi di propriet\u00e0 che rendono l\u2019Aloe Vera la pianta di tanti i rimedi!<\/p>\n<p>Per uso esterno, il gel di Aloe Vera \u00e8 ideale, grazie alle propriet\u00e0 lenitive e rigenerative, nel caso di ustioni, scottature, abrasioni, psoriasi, punture di insetti o di meduse. Il suo potere idratante ed emolliente lo rende ottimo anche per la cura quotidiana del viso.<\/p>\n<p>Per uso interno invece il succo svolge un\u2019azione riequilibrante del pH e della flora batterica ed \u00e8 dunque consigliato per ripristinare la funzionalit\u00e0 dell\u2019<strong>intestino pigro<\/strong>. Grazie ai\u00a0mucopolisaccaridi svolge un&#8217;azione\u00a0protettiva delle mucose e per questo il succo di Aloe Vera \u00e8 indicato in caso di gastrite, colite, intestino irritabile, ulcera. La pianta \u00e8 inoltre alleata del benessere di tutto il fisico, grazie alle propriet\u00e0 <strong>antiossidanti<\/strong> antagoniste dei radicali liberi, che contribuiscono all\u2019invecchiamento dell\u2019organismo.<\/p>\n<p>L\u2019Aloe Vera, insieme alla Stevia Rebaudiana, \u00e8 uno degli ingredienti principali dei concentrati Bevi Sano di <span style=\"font-size: 14pt;\"><strong>io <\/strong><\/span><strong>bevo<\/strong>, bevande naturali a base di succo di frutta o di t\u00e8, caratterizzate dal ridotto contenuto calorico.<\/p>\n<p>Le\u00a0<strong><a href=\"https:\/\/www.iobevo.com\/online\/prodotti\/concentrati-per-bevande-salutistiche\/\">bevande Bevi Sano\u00a0<\/a><\/strong>sono disponibili in quattro gusti:\u00a0mirtillo rosso, mela, agrumi e t\u00e8 verde.\u00a0Possono essere inserite nell\u2019ambito del format\u00a0<a href=\"https:\/\/iobevo.com\/online\/?page_id=34\">freebeverage<\/a>\u00a0specifico e risultano particolarmente interessanti in vari contesti: <a href=\"https:\/\/iobevo.com\/online\/?page_id=2989\">centri benessere<\/a>,\u00a0<a href=\"https:\/\/iobevo.com\/online\/?page_id=2643\">palestre<\/a>, wellness.<\/p>\n<p>Per tutti i gusti e tutte le necessit\u00e0!<\/p>\n","protected":false},"excerpt":{"rendered":"<p>Cicatrizzante, antinfiammatoria, rinfrescante: sono solo alcune delle propriet\u00e0 dell\u2019Aloe Vera, pianta succulenta della famiglia delle Aloeacee.\u00a0Il suo uso \u00e8 molto antico: era gi\u00e0 nota e utilizzata presso gli Egizi per la cura e l\u2019igiene del corpo, ma il suo studio sistematico ebbe inizio nel 1959 con Bill Coats, che riusc\u00ec [&hellip;]<\/p>\n","protected":false},"author":58,"featured_media":15305,"comment_status":"open","ping_status":"open","sticky":false,"template":"","format":"standard","meta":{"footnotes":""},"categories":[1,138],"tags":[179,177],"class_list":["post-15304","post","type-post","status-publish","format-standard","has-post-thumbnail","hentry","category-non-categorizzato","category-novita","tag-aloe-vera","tag-bevi-sano"],"yoast_head":"<!-- This site is optimized with the Yoast SEO plugin v27.5 - https:\/\/yoast.com\/product\/yoast-seo-wordpress\/ -->\n<title>ALOE VERA: le propriet\u00e0 del succo e del gel - io bevo\u00ae<\/title>\n<meta name=\"description\" content=\"L\u2019Aloe Vera \u00e8 uno degli ingredienti principali dei concentrati Bevi Sano di io bevo, bevande naturali a base di succo di frutta o di t\u00e8, dal ridotto contenuto calorico.\" \/>\n<meta name=\"robots\" content=\"index, follow, max-snippet:-1, max-image-preview:large, max-video-preview:-1\" \/>\n<link rel=\"canonical\" href=\"https:\/\/www.iobevo.com\/online\/aloe-vera-le-proprieta-del-succo-e-del-gel\/\" \/>\n<meta property=\"og:locale\" content=\"it_IT\" \/>\n<meta property=\"og:type\" content=\"article\" \/>\n<meta property=\"og:title\" content=\"ALOE VERA: le propriet\u00e0 del succo e del gel - io bevo\u00ae\" \/>\n<meta property=\"og:description\" content=\"L\u2019Aloe Vera \u00e8 uno degli ingredienti principali dei concentrati Bevi Sano di io bevo, bevande naturali a base di succo di frutta o di t\u00e8, dal ridotto contenuto calorico.\" \/>\n<meta property=\"og:url\" content=\"https:\/\/www.iobevo.com\/online\/aloe-vera-le-proprieta-del-succo-e-del-gel\/\" \/>\n<meta property=\"og:site_name\" content=\"io bevo\u00ae\" \/>\n<meta property=\"article:published_time\" content=\"2018-08-29T05:15:04+00:00\" \/>\n<meta property=\"og:image\" content=\"https:\/\/www.iobevo.com\/online\/wp-content\/uploads\/2018\/08\/aloe-vera-immagine.jpg\" \/>\n\t<meta property=\"og:image:width\" content=\"960\" \/>\n\t<meta property=\"og:image:height\" content=\"640\" \/>\n\t<meta property=\"og:image:type\" content=\"image\/jpeg\" \/>\n<meta name=\"author\" content=\"General Beverage\" \/>\n<meta name=\"twitter:card\" content=\"summary_large_image\" \/>\n<meta name=\"twitter:creator\" content=\"@IoBevo\" \/>\n<meta name=\"twitter:site\" content=\"@IoBevo\" \/>\n<meta name=\"twitter:label1\" content=\"Scritto da\" \/>\n\t<meta name=\"twitter:data1\" content=\"General Beverage\" \/>\n\t<meta name=\"twitter:label2\" content=\"Tempo di lettura stimato\" \/>\n\t<meta name=\"twitter:data2\" content=\"2 minuti\" \/>\n<script type=\"application\/ld+json\" class=\"yoast-schema-graph\">{\"@context\":\"https:\\\/\\\/schema.org\",\"@graph\":[{\"@type\":\"Article\",\"@id\":\"https:\\\/\\\/www.iobevo.com\\\/online\\\/aloe-vera-le-proprieta-del-succo-e-del-gel\\\/#article\",\"isPartOf\":{\"@id\":\"https:\\\/\\\/www.iobevo.com\\\/online\\\/aloe-vera-le-proprieta-del-succo-e-del-gel\\\/\"},\"author\":{\"name\":\"General Beverage\",\"@id\":\"https:\\\/\\\/www.iobevo.com\\\/online\\\/#\\\/schema\\\/person\\\/aec64c5f4c1758f9ad2c1e37e68f887e\"},\"headline\":\"ALOE VERA: le propriet\u00e0 del succo e del gel\",\"datePublished\":\"2018-08-29T05:15:04+00:00\",\"mainEntityOfPage\":{\"@id\":\"https:\\\/\\\/www.iobevo.com\\\/online\\\/aloe-vera-le-proprieta-del-succo-e-del-gel\\\/\"},\"wordCount\":321,\"commentCount\":0,\"publisher\":{\"@id\":\"https:\\\/\\\/www.iobevo.com\\\/online\\\/#organization\"},\"image\":{\"@id\":\"https:\\\/\\\/www.iobevo.com\\\/online\\\/aloe-vera-le-proprieta-del-succo-e-del-gel\\\/#primaryimage\"},\"thumbnailUrl\":\"https:\\\/\\\/www.iobevo.com\\\/online\\\/wp-content\\\/uploads\\\/2018\\\/08\\\/aloe-vera-immagine.jpg\",\"keywords\":[\"aloe vera\",\"bevi sano\"],\"articleSection\":[\"Non categorizzato\",\"Novit\u00e0\"],\"inLanguage\":\"it-IT\",\"potentialAction\":[{\"@type\":\"CommentAction\",\"name\":\"Comment\",\"target\":[\"https:\\\/\\\/www.iobevo.com\\\/online\\\/aloe-vera-le-proprieta-del-succo-e-del-gel\\\/#respond\"]}]},{\"@type\":\"WebPage\",\"@id\":\"https:\\\/\\\/www.iobevo.com\\\/online\\\/aloe-vera-le-proprieta-del-succo-e-del-gel\\\/\",\"url\":\"https:\\\/\\\/www.iobevo.com\\\/online\\\/aloe-vera-le-proprieta-del-succo-e-del-gel\\\/\",\"name\":\"ALOE VERA: le propriet\u00e0 del succo e del gel - io bevo\u00ae\",\"isPartOf\":{\"@id\":\"https:\\\/\\\/www.iobevo.com\\\/online\\\/#website\"},\"primaryImageOfPage\":{\"@id\":\"https:\\\/\\\/www.iobevo.com\\\/online\\\/aloe-vera-le-proprieta-del-succo-e-del-gel\\\/#primaryimage\"},\"image\":{\"@id\":\"https:\\\/\\\/www.iobevo.com\\\/online\\\/aloe-vera-le-proprieta-del-succo-e-del-gel\\\/#primaryimage\"},\"thumbnailUrl\":\"https:\\\/\\\/www.iobevo.com\\\/online\\\/wp-content\\\/uploads\\\/2018\\\/08\\\/aloe-vera-immagine.jpg\",\"datePublished\":\"2018-08-29T05:15:04+00:00\",\"description\":\"L\u2019Aloe Vera \u00e8 uno degli ingredienti principali dei concentrati Bevi Sano di io bevo, bevande naturali a base di succo di frutta o di t\u00e8, dal ridotto contenuto calorico.\",\"inLanguage\":\"it-IT\",\"potentialAction\":[{\"@type\":\"ReadAction\",\"target\":[\"https:\\\/\\\/www.iobevo.com\\\/online\\\/aloe-vera-le-proprieta-del-succo-e-del-gel\\\/\"]}]},{\"@type\":\"ImageObject\",\"inLanguage\":\"it-IT\",\"@id\":\"https:\\\/\\\/www.iobevo.com\\\/online\\\/aloe-vera-le-proprieta-del-succo-e-del-gel\\\/#primaryimage\",\"url\":\"https:\\\/\\\/www.iobevo.com\\\/online\\\/wp-content\\\/uploads\\\/2018\\\/08\\\/aloe-vera-immagine.jpg\",\"contentUrl\":\"https:\\\/\\\/www.iobevo.com\\\/online\\\/wp-content\\\/uploads\\\/2018\\\/08\\\/aloe-vera-immagine.jpg\",\"width\":960,\"height\":640},{\"@type\":\"WebSite\",\"@id\":\"https:\\\/\\\/www.iobevo.com\\\/online\\\/#website\",\"url\":\"https:\\\/\\\/www.iobevo.com\\\/online\\\/\",\"name\":\"io bevo\u00ae\",\"description\":\"Drink Plastic free\",\"publisher\":{\"@id\":\"https:\\\/\\\/www.iobevo.com\\\/online\\\/#organization\"},\"potentialAction\":[{\"@type\":\"SearchAction\",\"target\":{\"@type\":\"EntryPoint\",\"urlTemplate\":\"https:\\\/\\\/www.iobevo.com\\\/online\\\/?s={search_term_string}\"},\"query-input\":{\"@type\":\"PropertyValueSpecification\",\"valueRequired\":true,\"valueName\":\"search_term_string\"}}],\"inLanguage\":\"it-IT\"},{\"@type\":\"Organization\",\"@id\":\"https:\\\/\\\/www.iobevo.com\\\/online\\\/#organization\",\"name\":\"General Beverage\",\"url\":\"https:\\\/\\\/www.iobevo.com\\\/online\\\/\",\"logo\":{\"@type\":\"ImageObject\",\"inLanguage\":\"it-IT\",\"@id\":\"https:\\\/\\\/www.iobevo.com\\\/online\\\/#\\\/schema\\\/logo\\\/image\\\/\",\"url\":\"https:\\\/\\\/www.iobevo.com\\\/online\\\/wp-content\\\/uploads\\\/2014\\\/01\\\/logo_gb_horizontal_grey_160x47.png\",\"contentUrl\":\"https:\\\/\\\/www.iobevo.com\\\/online\\\/wp-content\\\/uploads\\\/2014\\\/01\\\/logo_gb_horizontal_grey_160x47.png\",\"width\":160,\"height\":47,\"caption\":\"General Beverage\"},\"image\":{\"@id\":\"https:\\\/\\\/www.iobevo.com\\\/online\\\/#\\\/schema\\\/logo\\\/image\\\/\"},\"sameAs\":[\"https:\\\/\\\/x.com\\\/IoBevo\"]},{\"@type\":\"Person\",\"@id\":\"https:\\\/\\\/www.iobevo.com\\\/online\\\/#\\\/schema\\\/person\\\/aec64c5f4c1758f9ad2c1e37e68f887e\",\"name\":\"General Beverage\",\"image\":{\"@type\":\"ImageObject\",\"inLanguage\":\"it-IT\",\"@id\":\"https:\\\/\\\/secure.gravatar.com\\\/avatar\\\/50da32a981d9ddb152bdaa8b1880365710ecf32ab963597fb3658bda651af55b?s=96&d=mm&r=g\",\"url\":\"https:\\\/\\\/secure.gravatar.com\\\/avatar\\\/50da32a981d9ddb152bdaa8b1880365710ecf32ab963597fb3658bda651af55b?s=96&d=mm&r=g\",\"contentUrl\":\"https:\\\/\\\/secure.gravatar.com\\\/avatar\\\/50da32a981d9ddb152bdaa8b1880365710ecf32ab963597fb3658bda651af55b?s=96&d=mm&r=g\",\"caption\":\"General Beverage\"},\"url\":\"https:\\\/\\\/www.iobevo.com\\\/online\\\/author\\\/general-beverage\\\/\"}]}<\/script>\n<!-- \/ Yoast SEO plugin. -->","yoast_head_json":{"title":"ALOE VERA: le propriet\u00e0 del succo e del gel - io bevo\u00ae","description":"L\u2019Aloe Vera \u00e8 uno degli ingredienti principali dei concentrati Bevi Sano di io bevo, bevande naturali a base di succo di frutta o di t\u00e8, dal ridotto contenuto calorico.","robots":{"index":"index","follow":"follow","max-snippet":"max-snippet:-1","max-image-preview":"max-image-preview:large","max-video-preview":"max-video-preview:-1"},"canonical":"https:\/\/www.iobevo.com\/online\/aloe-vera-le-proprieta-del-succo-e-del-gel\/","og_locale":"it_IT","og_type":"article","og_title":"ALOE VERA: le propriet\u00e0 del succo e del gel - io bevo\u00ae","og_description":"L\u2019Aloe Vera \u00e8 uno degli ingredienti principali dei concentrati Bevi Sano di io bevo, bevande naturali a base di succo di frutta o di t\u00e8, dal ridotto contenuto calorico.","og_url":"https:\/\/www.iobevo.com\/online\/aloe-vera-le-proprieta-del-succo-e-del-gel\/","og_site_name":"io bevo\u00ae","article_published_time":"2018-08-29T05:15:04+00:00","og_image":[{"width":960,"height":640,"url":"https:\/\/www.iobevo.com\/online\/wp-content\/uploads\/2018\/08\/aloe-vera-immagine.jpg","type":"image\/jpeg"}],"author":"General Beverage","twitter_card":"summary_large_image","twitter_creator":"@IoBevo","twitter_site":"@IoBevo","twitter_misc":{"Scritto da":"General Beverage","Tempo di lettura stimato":"2 minuti"},"schema":{"@context":"https:\/\/schema.org","@graph":[{"@type":"Article","@id":"https:\/\/www.iobevo.com\/online\/aloe-vera-le-proprieta-del-succo-e-del-gel\/#article","isPartOf":{"@id":"https:\/\/www.iobevo.com\/online\/aloe-vera-le-proprieta-del-succo-e-del-gel\/"},"author":{"name":"General Beverage","@id":"https:\/\/www.iobevo.com\/online\/#\/schema\/person\/aec64c5f4c1758f9ad2c1e37e68f887e"},"headline":"ALOE VERA: le propriet\u00e0 del succo e del gel","datePublished":"2018-08-29T05:15:04+00:00","mainEntityOfPage":{"@id":"https:\/\/www.iobevo.com\/online\/aloe-vera-le-proprieta-del-succo-e-del-gel\/"},"wordCount":321,"commentCount":0,"publisher":{"@id":"https:\/\/www.iobevo.com\/online\/#organization"},"image":{"@id":"https:\/\/www.iobevo.com\/online\/aloe-vera-le-proprieta-del-succo-e-del-gel\/#primaryimage"},"thumbnailUrl":"https:\/\/www.iobevo.com\/online\/wp-content\/uploads\/2018\/08\/aloe-vera-immagine.jpg","keywords":["aloe vera","bevi sano"],"articleSection":["Non categorizzato","Novit\u00e0"],"inLanguage":"it-IT","potentialAction":[{"@type":"CommentAction","name":"Comment","target":["https:\/\/www.iobevo.com\/online\/aloe-vera-le-proprieta-del-succo-e-del-gel\/#respond"]}]},{"@type":"WebPage","@id":"https:\/\/www.iobevo.com\/online\/aloe-vera-le-proprieta-del-succo-e-del-gel\/","url":"https:\/\/www.iobevo.com\/online\/aloe-vera-le-proprieta-del-succo-e-del-gel\/","name":"ALOE VERA: le propriet\u00e0 del succo e del gel - io bevo\u00ae","isPartOf":{"@id":"https:\/\/www.iobevo.com\/online\/#website"},"primaryImageOfPage":{"@id":"https:\/\/www.iobevo.com\/online\/aloe-vera-le-proprieta-del-succo-e-del-gel\/#primaryimage"},"image":{"@id":"https:\/\/www.iobevo.com\/online\/aloe-vera-le-proprieta-del-succo-e-del-gel\/#primaryimage"},"thumbnailUrl":"https:\/\/www.iobevo.com\/online\/wp-content\/uploads\/2018\/08\/aloe-vera-immagine.jpg","datePublished":"2018-08-29T05:15:04+00:00","description":"L\u2019Aloe Vera \u00e8 uno degli ingredienti principali dei concentrati Bevi Sano di io bevo, bevande naturali a base di succo di frutta o di t\u00e8, dal ridotto contenuto calorico.","inLanguage":"it-IT","potentialAction":[{"@type":"ReadAction","target":["https:\/\/www.iobevo.com\/online\/aloe-vera-le-proprieta-del-succo-e-del-gel\/"]}]},{"@type":"ImageObject","inLanguage":"it-IT","@id":"https:\/\/www.iobevo.com\/online\/aloe-vera-le-proprieta-del-succo-e-del-gel\/#primaryimage","url":"https:\/\/www.iobevo.com\/online\/wp-content\/uploads\/2018\/08\/aloe-vera-immagine.jpg","contentUrl":"https:\/\/www.iobevo.com\/online\/wp-content\/uploads\/2018\/08\/aloe-vera-immagine.jpg","width":960,"height":640},{"@type":"WebSite","@id":"https:\/\/www.iobevo.com\/online\/#website","url":"https:\/\/www.iobevo.com\/online\/","name":"io bevo\u00ae","description":"Drink Plastic free","publisher":{"@id":"https:\/\/www.iobevo.com\/online\/#organization"},"potentialAction":[{"@type":"SearchAction","target":{"@type":"EntryPoint","urlTemplate":"https:\/\/www.iobevo.com\/online\/?s={search_term_string}"},"query-input":{"@type":"PropertyValueSpecification","valueRequired":true,"valueName":"search_term_string"}}],"inLanguage":"it-IT"},{"@type":"Organization","@id":"https:\/\/www.iobevo.com\/online\/#organization","name":"General Beverage","url":"https:\/\/www.iobevo.com\/online\/","logo":{"@type":"ImageObject","inLanguage":"it-IT","@id":"https:\/\/www.iobevo.com\/online\/#\/schema\/logo\/image\/","url":"https:\/\/www.iobevo.com\/online\/wp-content\/uploads\/2014\/01\/logo_gb_horizontal_grey_160x47.png","contentUrl":"https:\/\/www.iobevo.com\/online\/wp-content\/uploads\/2014\/01\/logo_gb_horizontal_grey_160x47.png","width":160,"height":47,"caption":"General Beverage"},"image":{"@id":"https:\/\/www.iobevo.com\/online\/#\/schema\/logo\/image\/"},"sameAs":["https:\/\/x.com\/IoBevo"]},{"@type":"Person","@id":"https:\/\/www.iobevo.com\/online\/#\/schema\/person\/aec64c5f4c1758f9ad2c1e37e68f887e","name":"General Beverage","image":{"@type":"ImageObject","inLanguage":"it-IT","@id":"https:\/\/secure.gravatar.com\/avatar\/50da32a981d9ddb152bdaa8b1880365710ecf32ab963597fb3658bda651af55b?s=96&d=mm&r=g","url":"https:\/\/secure.gravatar.com\/avatar\/50da32a981d9ddb152bdaa8b1880365710ecf32ab963597fb3658bda651af55b?s=96&d=mm&r=g","contentUrl":"https:\/\/secure.gravatar.com\/avatar\/50da32a981d9ddb152bdaa8b1880365710ecf32ab963597fb3658bda651af55b?s=96&d=mm&r=g","caption":"General Beverage"},"url":"https:\/\/www.iobevo.com\/online\/author\/general-beverage\/"}]}},"_links":{"self":[{"href":"https:\/\/www.iobevo.com\/online\/wp-json\/wp\/v2\/posts\/15304","targetHints":{"allow":["GET"]}}],"collection":[{"href":"https:\/\/www.iobevo.com\/online\/wp-json\/wp\/v2\/posts"}],"about":[{"href":"https:\/\/www.iobevo.com\/online\/wp-json\/wp\/v2\/types\/post"}],"author":[{"embeddable":true,"href":"https:\/\/www.iobevo.com\/online\/wp-json\/wp\/v2\/users\/58"}],"replies":[{"embeddable":true,"href":"https:\/\/www.iobevo.com\/online\/wp-json\/wp\/v2\/comments?post=15304"}],"version-history":[{"count":0,"href":"https:\/\/www.iobevo.com\/online\/wp-json\/wp\/v2\/posts\/15304\/revisions"}],"wp:featuredmedia":[{"embeddable":true,"href":"https:\/\/www.iobevo.com\/online\/wp-json\/wp\/v2\/media\/15305"}],"wp:attachment":[{"href":"https:\/\/www.iobevo.com\/online\/wp-json\/wp\/v2\/media?parent=15304"}],"wp:term":[{"taxonomy":"category","embeddable":true,"href":"https:\/\/www.iobevo.com\/online\/wp-json\/wp\/v2\/categories?post=15304"},{"taxonomy":"post_tag","embeddable":true,"href":"https:\/\/www.iobevo.com\/online\/wp-json\/wp\/v2\/tags?post=15304"}],"curies":[{"name":"wp","href":"https:\/\/api.w.org\/{rel}","templated":true}]}}