{"id":15458,"date":"2018-10-17T08:54:03","date_gmt":"2018-10-17T06:54:03","guid":{"rendered":"https:\/\/www.iobevo.com\/online\/?p=15458"},"modified":"2019-04-08T11:53:53","modified_gmt":"2019-04-08T09:53:53","slug":"mancano-pochi-giorni-al-mensa-verde-intervista-al-comune-di-piacenza-vincitore-2017","status":"publish","type":"post","link":"https:\/\/www.iobevo.com\/online\/mancano-pochi-giorni-al-mensa-verde-intervista-al-comune-di-piacenza-vincitore-2017\/","title":{"rendered":"Mancano pochi giorni al Mensa Verde.  Intervista al Comune di Piacenza vincitore 2017"},"content":{"rendered":"<p>Mancano pochi giorni all\u2019edizione 2018 del Compraverde. All\u2019interno della manifestazione uno dei momenti pi\u00f9 attesi \u00e8 la consegna dei premi tra i quali il <strong>Mensa Verde<\/strong> &#8211; sponsorizzato da\u00a0i<span style=\"font-size: 14pt;\">o<\/span>\u00a0bevo<sup>\u00ae<\/sup> &#8211; nato nel 2009. Per approfondire i temi delle mense sostenibili abbiamo intervistato la <strong>Dott.ssa Carmen Canevari, Responsabile Servizio di Refezione Scolastica del Comune di Piacenza<\/strong>, comune che l\u2019anno scorso ha vinto il premio per le mense comunali.<\/p>\n<h3><strong>1) Per quali buone pratiche avete vinto il premio Mensa Verde?<\/strong><\/h3>\n<p>Le motivazioni facevano riferimento alla \u201c<em>capacit\u00e0 di promuovere le eccellenze e le tipicit\u00e0 del territorio, l\u2019ottima qualit\u00e0 del cibo e le iniziative di responsabilit\u00e0 sociale<\/em>\u201d.<\/p>\n<p>La giuria ha riconosciuto il grande impegno del Comune, insieme ai partner tecnici, nel <strong>coniugare aspetti di qualit\u00e0 alimentare e di minor impatto ambientale possibile<\/strong>, che ha tra l\u2019altro contribuito alla salvaguardia e riqualificazione delle zone collinari e montane, riconvertite ad allevamenti biologici e produzioni locali tipiche. Come punti di forza venivano citati inoltre l\u2019ottima offerta biologica, la possibilit\u00e0 di men\u00f9 vegetariano, vegano, la giornata del men\u00f9 senza glutine una volta al mese e, dal punto di vista della qualit\u00e0 gestionale, \u00e8 stata apprezzata l\u2019ottimizzazione delle risorse attraverso l\u2019appalto congiunto scuola\/ospedale. Infine, sono state segnalate come buona prassi le \u201cazioni per la riduzione e redistribuzione delle eccedenze\u201d, con riferimento allo studio apposito condotto nel 2015 \u201cper la riduzione degli sprechi a tavola, utilizzando il metodo fisico-gravimetrico <em>Aggregate Plate Waste<\/em>. Questo metodo consente di verificare gli scarti, pesando i residui suddivisi per portata, introducendo quindi miglioramenti nei men\u00f9. A seguito dei risultati dello studio, sono state realizzate iniziative di sensibilizzazione dei bambini e delle famiglie.<\/p>\n<h3><strong>2) Nelle mense vi sono anche criteri rivolti a ridurre la produzione dei rifiuti? E per quanto riguarda le bevande? <\/strong><\/h3>\n<p>Nelle nostre mense da anni vengono utilizzati piatti di porcellana, bicchieri di vetro e posate in acciaio inox. Queste stoviglie, oltre a permettere una riduzione degli sprechi rispetto all\u2019usa-e-getta, contribuiscono all\u2019aspetto estetico e al senso di convivialit\u00e0 durante il pranzo in mensa. <strong>L\u2019acqua \u00e8 dell\u2019acquedotto<\/strong>, servita nelle brocche. Naturalmente la qualit\u00e0 dell\u2019acqua \u00e8 costantemente monitorata attraverso analisi di laboratorio.<\/p>\n<p>La maggior parte dei prodotti per la pulizia sono conformi alla normativa comunitaria Ecolabel anche per le pulizie dei locali e dei materiali utilizzati e per prodotti disinfettanti o disinfestanti. I detergenti con Ecolabel hanno un impatto ridotto sull\u2019acqua, sono biodegradabili, hanno un imballaggio limitato, pur garantendo la stessa efficacia dei prodotti convenzionali. Per ridurre maggiormente l\u2019impatto e lo spreco di questi prodotti in ogni scuola sono installati i dosatori dei prodotti di pulizia. In ogni struttura viene effettuata la raccolta differenziata.<\/p>\n<h3><strong>3) Da quanto tempo il Comune pone attenzione nelle mense&#8230; verdi? Premi come il Mensa Verde aiutano anche a proseguire su questa strada?<\/strong><\/h3>\n<p>L\u2019attenzione dell\u2019amministrazione al tema della sostenibilit\u00e0 nei servizi di refezione non nasce con questo capitolato, ma risale gi\u00e0 all\u2019inizio degli anni Duemila, in un contesto generale di attenzione alla valorizzazione dei prodotti del territorio. Il territorio piacentino \u00e8 caratterizzato da ampie zone di collina e valli appenniniche pressoch\u00e9 incontaminate; come molte zone simili le alte valli rischiano lo spopolamento a causa delle scarse opportunit\u00e0 lavorative. Intorno al 2000 con il supporto di enti e istituzioni locali (provincia, Coldiretti, CCIA) sono stati promossi progetti finalizzati a favorire l\u2019adesione al biologico da parte dei produttori della collina e contemporaneamente a promuovere l\u2019immagine di questi prodotti anche al di fuori del nostro territorio.<\/p>\n<p>In questo clima \u00e8 nato l\u2019appalto mensa del 2003, che assegnava 65 punti su 100 all\u2019offerta tecnica, di cui 10 punti per aspetti legati all\u2019approvvigionamento, alla selezione e al controllo dei fornitori. Nell\u2019appalto 2006-2011 sui 68 punti dell\u2019offerta tecnica, 24 punti venivano assegnati per la qualit\u00e0 delle derrate: biologico, filiera controllata, km 0, DOP\/IGP, equosolidale. Il capitolato del 2011 ha ulteriormente valorizzato questi elementi, facendone il perno del sistema di servizio e bilanciando i costi grazie all\u2019efficienza produttiva data dall\u2019appalto congiunto Comune \u2013 Azienda ASL. L\u2019Amministrazione, insieme alla Camera di Commercio, ha sostenuto la nascita di una rete di produttori locali in grado di diventare fornitori della mensa. I vantaggi si misurano quindi non solo in termini di qualit\u00e0 dei cibi, ma anche nella possibilit\u00e0 di un rapporto diretto con i fornitori (tramite la societ\u00e0 CIRFOOD gestore del centro pasti) e in definitiva nel sostegno all\u2019economia locale.<\/p>\n<p><img fetchpriority=\"high\" decoding=\"async\" class=\"alignright size-full wp-image-15459\" src=\"https:\/\/www.iobevo.com\/online\/wp-content\/uploads\/2018\/10\/PREMIO-MENSAVERDE-LOGO.jpg\" alt=\"\" width=\"400\" height=\"194\" srcset=\"https:\/\/www.iobevo.com\/online\/wp-content\/uploads\/2018\/10\/PREMIO-MENSAVERDE-LOGO.jpg 400w, https:\/\/www.iobevo.com\/online\/wp-content\/uploads\/2018\/10\/PREMIO-MENSAVERDE-LOGO-300x146.jpg 300w\" sizes=\"(max-width: 400px) 100vw, 400px\" \/>Dopo l\u2019assegnazione del <strong>premio Mensa Verde<\/strong> abbiamo avuto la possibilit\u00e0 di partecipare a diverse iniziative per presentare le caratteristiche del servizio e di confrontarci con altri enti, che hanno apprezzato il nostro approccio. Queste occasioni sono estremamente importanti non solo per farci conoscere, ma anche per stimolare da parte nostra una riflessione rispetto ai possibili sviluppi futuri del sistema di servizio, alle direzioni da prendere, in una fase non facile, in cui il tema dei costi viene in primo piano: la sfida \u00e8 quindi <strong>conciliare la necessit\u00e0 di efficienza e risparmio<\/strong> (anche per le famiglie) con il mantenimento della <strong>qualit\u00e0 e sostenibilit\u00e0<\/strong>. Un altro elemento di attenzione deve essere quello dell\u2019<strong>educazione<\/strong>: come trasferire lo sforzo organizzativo che viene fatto per garantire i criteri \u201cgreen\u201d nella mensa in un\u2019azione educativa e di sensibilizzazione delle famiglie e dei ragazzi.<\/p>\n<h3><strong>4) La normativa sugli acquisti verdi nelle PA ha inciso sulla volont\u00e0 di intraprendere scelte pi\u00f9 sostenibili? \u00c8 una guida utile?<\/strong><\/h3>\n<p>Quando \u00e8 nato l\u2019appalto del 2011 la normativa sui criteri ambientali muoveva i primi passi, ma grazie anche all\u2019intervento di tecnici esperti alcune indicazioni erano gi\u00e0 state riprese all\u2019interno del capitolato. I <strong>CAM<\/strong> sono sicuramente una <strong>guida utile<\/strong>, perch\u00e9 tengono conto di una gamma di aspetti che non si limitano alle derrate, ma toccano tutti gli elementi del servizio refezione. Certamente alcune condizioni non sono semplici da garantire: ad esempio per quanto riguarda la filiera corta. Nel caso di Piacenza, la disponibilit\u00e0 di un\u2019offerta variegata di prodotti di qualit\u00e0 sul nostro territorio ha rappresentato un elemento chiave, senza il quale non sarebbe stato possibile mettere in piedi questa esperienza.<\/p>\n<p><em>Per saperne di pi\u00f9 sul Compraverde che sar\u00e0 a Roma il 18 e 19 ottobre potete leggere l\u2019approfondimento di io\u00a0bevo<sup>\u00ae<\/sup> <a href=\"https:\/\/www.iobevo.com\/online\/acquisti-verdi-e-forum-compraverde-le-novita-2018\/\">https:\/\/www.iobevo.com\/online\/acquisti-verdi-e-forum-compraverde-le-novita-2018\/<\/a><\/em><\/p>\n","protected":false},"excerpt":{"rendered":"<p>Mancano pochi giorni all\u2019edizione 2018 del Compraverde. All\u2019interno della manifestazione uno dei momenti pi\u00f9 attesi \u00e8 la consegna dei premi tra i quali il Mensa Verde &#8211; sponsorizzato da\u00a0io\u00a0bevo\u00ae &#8211; nato nel 2009. Per approfondire i temi delle mense sostenibili abbiamo intervistato la Dott.ssa Carmen Canevari, Responsabile Servizio di Refezione [&hellip;]<\/p>\n","protected":false},"author":58,"featured_media":15433,"comment_status":"open","ping_status":"open","sticky":false,"template":"","format":"standard","meta":{"footnotes":""},"categories":[1,138],"tags":[144,401,427,149],"class_list":["post-15458","post","type-post","status-publish","format-standard","has-post-thumbnail","hentry","category-non-categorizzato","category-novita","tag-compraverde","tag-comune-di-piacenza","tag-ioplasticfree","tag-mensa-verde"],"yoast_head":"<!-- This site is optimized with the Yoast SEO plugin v27.5 - https:\/\/yoast.com\/product\/yoast-seo-wordpress\/ -->\n<title>Pochi giorni al Mensa Verde. Intervista al Comune di Piacenza vincitore 2017<\/title>\n<meta name=\"robots\" content=\"index, follow, max-snippet:-1, max-image-preview:large, max-video-preview:-1\" \/>\n<link rel=\"canonical\" href=\"https:\/\/www.iobevo.com\/online\/mancano-pochi-giorni-al-mensa-verde-intervista-al-comune-di-piacenza-vincitore-2017\/\" \/>\n<meta property=\"og:locale\" content=\"it_IT\" \/>\n<meta property=\"og:type\" content=\"article\" \/>\n<meta property=\"og:title\" content=\"Pochi giorni al Mensa Verde. Intervista al Comune di Piacenza vincitore 2017\" \/>\n<meta property=\"og:description\" content=\"Mancano pochi giorni all\u2019edizione 2018 del Compraverde. All\u2019interno della manifestazione uno dei momenti pi\u00f9 attesi \u00e8 la consegna dei premi tra i quali il Mensa Verde &#8211; sponsorizzato da\u00a0io\u00a0bevo\u00ae &#8211; nato nel 2009. Per approfondire i temi delle mense sostenibili abbiamo intervistato la Dott.ssa Carmen Canevari, Responsabile Servizio di Refezione [&hellip;]\" \/>\n<meta property=\"og:url\" content=\"https:\/\/www.iobevo.com\/online\/mancano-pochi-giorni-al-mensa-verde-intervista-al-comune-di-piacenza-vincitore-2017\/\" \/>\n<meta property=\"og:site_name\" content=\"io bevo\u00ae\" \/>\n<meta property=\"article:published_time\" content=\"2018-10-17T06:54:03+00:00\" \/>\n<meta property=\"article:modified_time\" content=\"2019-04-08T09:53:53+00:00\" \/>\n<meta property=\"og:image\" content=\"https:\/\/www.iobevo.com\/online\/wp-content\/uploads\/2018\/09\/premi-compraverde-2018.jpg\" \/>\n\t<meta property=\"og:image:width\" content=\"800\" \/>\n\t<meta property=\"og:image:height\" content=\"500\" \/>\n\t<meta property=\"og:image:type\" content=\"image\/jpeg\" \/>\n<meta name=\"author\" content=\"General Beverage\" \/>\n<meta name=\"twitter:card\" content=\"summary_large_image\" \/>\n<meta name=\"twitter:creator\" content=\"@IoBevo\" \/>\n<meta name=\"twitter:site\" content=\"@IoBevo\" \/>\n<meta name=\"twitter:label1\" content=\"Scritto da\" \/>\n\t<meta name=\"twitter:data1\" content=\"General Beverage\" \/>\n\t<meta name=\"twitter:label2\" content=\"Tempo di lettura stimato\" \/>\n\t<meta name=\"twitter:data2\" content=\"5 minuti\" \/>\n<script type=\"application\/ld+json\" class=\"yoast-schema-graph\">{\"@context\":\"https:\\\/\\\/schema.org\",\"@graph\":[{\"@type\":\"Article\",\"@id\":\"https:\\\/\\\/www.iobevo.com\\\/online\\\/mancano-pochi-giorni-al-mensa-verde-intervista-al-comune-di-piacenza-vincitore-2017\\\/#article\",\"isPartOf\":{\"@id\":\"https:\\\/\\\/www.iobevo.com\\\/online\\\/mancano-pochi-giorni-al-mensa-verde-intervista-al-comune-di-piacenza-vincitore-2017\\\/\"},\"author\":{\"name\":\"General Beverage\",\"@id\":\"https:\\\/\\\/www.iobevo.com\\\/online\\\/#\\\/schema\\\/person\\\/aec64c5f4c1758f9ad2c1e37e68f887e\"},\"headline\":\"Mancano pochi giorni al Mensa Verde. Intervista al Comune di Piacenza vincitore 2017\",\"datePublished\":\"2018-10-17T06:54:03+00:00\",\"dateModified\":\"2019-04-08T09:53:53+00:00\",\"mainEntityOfPage\":{\"@id\":\"https:\\\/\\\/www.iobevo.com\\\/online\\\/mancano-pochi-giorni-al-mensa-verde-intervista-al-comune-di-piacenza-vincitore-2017\\\/\"},\"wordCount\":1027,\"commentCount\":0,\"publisher\":{\"@id\":\"https:\\\/\\\/www.iobevo.com\\\/online\\\/#organization\"},\"image\":{\"@id\":\"https:\\\/\\\/www.iobevo.com\\\/online\\\/mancano-pochi-giorni-al-mensa-verde-intervista-al-comune-di-piacenza-vincitore-2017\\\/#primaryimage\"},\"thumbnailUrl\":\"https:\\\/\\\/www.iobevo.com\\\/online\\\/wp-content\\\/uploads\\\/2018\\\/09\\\/premi-compraverde-2018.jpg\",\"keywords\":[\"compraverde\",\"comune di piacenza\",\"ioplasticfree\",\"mensa verde\"],\"articleSection\":[\"Non categorizzato\",\"Novit\u00e0\"],\"inLanguage\":\"it-IT\",\"potentialAction\":[{\"@type\":\"CommentAction\",\"name\":\"Comment\",\"target\":[\"https:\\\/\\\/www.iobevo.com\\\/online\\\/mancano-pochi-giorni-al-mensa-verde-intervista-al-comune-di-piacenza-vincitore-2017\\\/#respond\"]}]},{\"@type\":\"WebPage\",\"@id\":\"https:\\\/\\\/www.iobevo.com\\\/online\\\/mancano-pochi-giorni-al-mensa-verde-intervista-al-comune-di-piacenza-vincitore-2017\\\/\",\"url\":\"https:\\\/\\\/www.iobevo.com\\\/online\\\/mancano-pochi-giorni-al-mensa-verde-intervista-al-comune-di-piacenza-vincitore-2017\\\/\",\"name\":\"Pochi giorni al Mensa Verde. Intervista al Comune di Piacenza vincitore 2017\",\"isPartOf\":{\"@id\":\"https:\\\/\\\/www.iobevo.com\\\/online\\\/#website\"},\"primaryImageOfPage\":{\"@id\":\"https:\\\/\\\/www.iobevo.com\\\/online\\\/mancano-pochi-giorni-al-mensa-verde-intervista-al-comune-di-piacenza-vincitore-2017\\\/#primaryimage\"},\"image\":{\"@id\":\"https:\\\/\\\/www.iobevo.com\\\/online\\\/mancano-pochi-giorni-al-mensa-verde-intervista-al-comune-di-piacenza-vincitore-2017\\\/#primaryimage\"},\"thumbnailUrl\":\"https:\\\/\\\/www.iobevo.com\\\/online\\\/wp-content\\\/uploads\\\/2018\\\/09\\\/premi-compraverde-2018.jpg\",\"datePublished\":\"2018-10-17T06:54:03+00:00\",\"dateModified\":\"2019-04-08T09:53:53+00:00\",\"inLanguage\":\"it-IT\",\"potentialAction\":[{\"@type\":\"ReadAction\",\"target\":[\"https:\\\/\\\/www.iobevo.com\\\/online\\\/mancano-pochi-giorni-al-mensa-verde-intervista-al-comune-di-piacenza-vincitore-2017\\\/\"]}]},{\"@type\":\"ImageObject\",\"inLanguage\":\"it-IT\",\"@id\":\"https:\\\/\\\/www.iobevo.com\\\/online\\\/mancano-pochi-giorni-al-mensa-verde-intervista-al-comune-di-piacenza-vincitore-2017\\\/#primaryimage\",\"url\":\"https:\\\/\\\/www.iobevo.com\\\/online\\\/wp-content\\\/uploads\\\/2018\\\/09\\\/premi-compraverde-2018.jpg\",\"contentUrl\":\"https:\\\/\\\/www.iobevo.com\\\/online\\\/wp-content\\\/uploads\\\/2018\\\/09\\\/premi-compraverde-2018.jpg\",\"width\":800,\"height\":500},{\"@type\":\"WebSite\",\"@id\":\"https:\\\/\\\/www.iobevo.com\\\/online\\\/#website\",\"url\":\"https:\\\/\\\/www.iobevo.com\\\/online\\\/\",\"name\":\"io bevo\u00ae\",\"description\":\"Drink Plastic free\",\"publisher\":{\"@id\":\"https:\\\/\\\/www.iobevo.com\\\/online\\\/#organization\"},\"potentialAction\":[{\"@type\":\"SearchAction\",\"target\":{\"@type\":\"EntryPoint\",\"urlTemplate\":\"https:\\\/\\\/www.iobevo.com\\\/online\\\/?s={search_term_string}\"},\"query-input\":{\"@type\":\"PropertyValueSpecification\",\"valueRequired\":true,\"valueName\":\"search_term_string\"}}],\"inLanguage\":\"it-IT\"},{\"@type\":\"Organization\",\"@id\":\"https:\\\/\\\/www.iobevo.com\\\/online\\\/#organization\",\"name\":\"General Beverage\",\"url\":\"https:\\\/\\\/www.iobevo.com\\\/online\\\/\",\"logo\":{\"@type\":\"ImageObject\",\"inLanguage\":\"it-IT\",\"@id\":\"https:\\\/\\\/www.iobevo.com\\\/online\\\/#\\\/schema\\\/logo\\\/image\\\/\",\"url\":\"https:\\\/\\\/www.iobevo.com\\\/online\\\/wp-content\\\/uploads\\\/2014\\\/01\\\/logo_gb_horizontal_grey_160x47.png\",\"contentUrl\":\"https:\\\/\\\/www.iobevo.com\\\/online\\\/wp-content\\\/uploads\\\/2014\\\/01\\\/logo_gb_horizontal_grey_160x47.png\",\"width\":160,\"height\":47,\"caption\":\"General Beverage\"},\"image\":{\"@id\":\"https:\\\/\\\/www.iobevo.com\\\/online\\\/#\\\/schema\\\/logo\\\/image\\\/\"},\"sameAs\":[\"https:\\\/\\\/x.com\\\/IoBevo\"]},{\"@type\":\"Person\",\"@id\":\"https:\\\/\\\/www.iobevo.com\\\/online\\\/#\\\/schema\\\/person\\\/aec64c5f4c1758f9ad2c1e37e68f887e\",\"name\":\"General Beverage\",\"image\":{\"@type\":\"ImageObject\",\"inLanguage\":\"it-IT\",\"@id\":\"https:\\\/\\\/secure.gravatar.com\\\/avatar\\\/50da32a981d9ddb152bdaa8b1880365710ecf32ab963597fb3658bda651af55b?s=96&d=mm&r=g\",\"url\":\"https:\\\/\\\/secure.gravatar.com\\\/avatar\\\/50da32a981d9ddb152bdaa8b1880365710ecf32ab963597fb3658bda651af55b?s=96&d=mm&r=g\",\"contentUrl\":\"https:\\\/\\\/secure.gravatar.com\\\/avatar\\\/50da32a981d9ddb152bdaa8b1880365710ecf32ab963597fb3658bda651af55b?s=96&d=mm&r=g\",\"caption\":\"General Beverage\"},\"url\":\"https:\\\/\\\/www.iobevo.com\\\/online\\\/author\\\/general-beverage\\\/\"}]}<\/script>\n<!-- \/ Yoast SEO plugin. -->","yoast_head_json":{"title":"Pochi giorni al Mensa Verde. Intervista al Comune di Piacenza vincitore 2017","robots":{"index":"index","follow":"follow","max-snippet":"max-snippet:-1","max-image-preview":"max-image-preview:large","max-video-preview":"max-video-preview:-1"},"canonical":"https:\/\/www.iobevo.com\/online\/mancano-pochi-giorni-al-mensa-verde-intervista-al-comune-di-piacenza-vincitore-2017\/","og_locale":"it_IT","og_type":"article","og_title":"Pochi giorni al Mensa Verde. Intervista al Comune di Piacenza vincitore 2017","og_description":"Mancano pochi giorni all\u2019edizione 2018 del Compraverde. All\u2019interno della manifestazione uno dei momenti pi\u00f9 attesi \u00e8 la consegna dei premi tra i quali il Mensa Verde &#8211; sponsorizzato da\u00a0io\u00a0bevo\u00ae &#8211; nato nel 2009. Per approfondire i temi delle mense sostenibili abbiamo intervistato la Dott.ssa Carmen Canevari, Responsabile Servizio di Refezione [&hellip;]","og_url":"https:\/\/www.iobevo.com\/online\/mancano-pochi-giorni-al-mensa-verde-intervista-al-comune-di-piacenza-vincitore-2017\/","og_site_name":"io bevo\u00ae","article_published_time":"2018-10-17T06:54:03+00:00","article_modified_time":"2019-04-08T09:53:53+00:00","og_image":[{"width":800,"height":500,"url":"https:\/\/www.iobevo.com\/online\/wp-content\/uploads\/2018\/09\/premi-compraverde-2018.jpg","type":"image\/jpeg"}],"author":"General Beverage","twitter_card":"summary_large_image","twitter_creator":"@IoBevo","twitter_site":"@IoBevo","twitter_misc":{"Scritto da":"General Beverage","Tempo di lettura stimato":"5 minuti"},"schema":{"@context":"https:\/\/schema.org","@graph":[{"@type":"Article","@id":"https:\/\/www.iobevo.com\/online\/mancano-pochi-giorni-al-mensa-verde-intervista-al-comune-di-piacenza-vincitore-2017\/#article","isPartOf":{"@id":"https:\/\/www.iobevo.com\/online\/mancano-pochi-giorni-al-mensa-verde-intervista-al-comune-di-piacenza-vincitore-2017\/"},"author":{"name":"General Beverage","@id":"https:\/\/www.iobevo.com\/online\/#\/schema\/person\/aec64c5f4c1758f9ad2c1e37e68f887e"},"headline":"Mancano pochi giorni al Mensa Verde. Intervista al Comune di Piacenza vincitore 2017","datePublished":"2018-10-17T06:54:03+00:00","dateModified":"2019-04-08T09:53:53+00:00","mainEntityOfPage":{"@id":"https:\/\/www.iobevo.com\/online\/mancano-pochi-giorni-al-mensa-verde-intervista-al-comune-di-piacenza-vincitore-2017\/"},"wordCount":1027,"commentCount":0,"publisher":{"@id":"https:\/\/www.iobevo.com\/online\/#organization"},"image":{"@id":"https:\/\/www.iobevo.com\/online\/mancano-pochi-giorni-al-mensa-verde-intervista-al-comune-di-piacenza-vincitore-2017\/#primaryimage"},"thumbnailUrl":"https:\/\/www.iobevo.com\/online\/wp-content\/uploads\/2018\/09\/premi-compraverde-2018.jpg","keywords":["compraverde","comune di piacenza","ioplasticfree","mensa verde"],"articleSection":["Non categorizzato","Novit\u00e0"],"inLanguage":"it-IT","potentialAction":[{"@type":"CommentAction","name":"Comment","target":["https:\/\/www.iobevo.com\/online\/mancano-pochi-giorni-al-mensa-verde-intervista-al-comune-di-piacenza-vincitore-2017\/#respond"]}]},{"@type":"WebPage","@id":"https:\/\/www.iobevo.com\/online\/mancano-pochi-giorni-al-mensa-verde-intervista-al-comune-di-piacenza-vincitore-2017\/","url":"https:\/\/www.iobevo.com\/online\/mancano-pochi-giorni-al-mensa-verde-intervista-al-comune-di-piacenza-vincitore-2017\/","name":"Pochi giorni al Mensa Verde. Intervista al Comune di Piacenza vincitore 2017","isPartOf":{"@id":"https:\/\/www.iobevo.com\/online\/#website"},"primaryImageOfPage":{"@id":"https:\/\/www.iobevo.com\/online\/mancano-pochi-giorni-al-mensa-verde-intervista-al-comune-di-piacenza-vincitore-2017\/#primaryimage"},"image":{"@id":"https:\/\/www.iobevo.com\/online\/mancano-pochi-giorni-al-mensa-verde-intervista-al-comune-di-piacenza-vincitore-2017\/#primaryimage"},"thumbnailUrl":"https:\/\/www.iobevo.com\/online\/wp-content\/uploads\/2018\/09\/premi-compraverde-2018.jpg","datePublished":"2018-10-17T06:54:03+00:00","dateModified":"2019-04-08T09:53:53+00:00","inLanguage":"it-IT","potentialAction":[{"@type":"ReadAction","target":["https:\/\/www.iobevo.com\/online\/mancano-pochi-giorni-al-mensa-verde-intervista-al-comune-di-piacenza-vincitore-2017\/"]}]},{"@type":"ImageObject","inLanguage":"it-IT","@id":"https:\/\/www.iobevo.com\/online\/mancano-pochi-giorni-al-mensa-verde-intervista-al-comune-di-piacenza-vincitore-2017\/#primaryimage","url":"https:\/\/www.iobevo.com\/online\/wp-content\/uploads\/2018\/09\/premi-compraverde-2018.jpg","contentUrl":"https:\/\/www.iobevo.com\/online\/wp-content\/uploads\/2018\/09\/premi-compraverde-2018.jpg","width":800,"height":500},{"@type":"WebSite","@id":"https:\/\/www.iobevo.com\/online\/#website","url":"https:\/\/www.iobevo.com\/online\/","name":"io bevo\u00ae","description":"Drink Plastic free","publisher":{"@id":"https:\/\/www.iobevo.com\/online\/#organization"},"potentialAction":[{"@type":"SearchAction","target":{"@type":"EntryPoint","urlTemplate":"https:\/\/www.iobevo.com\/online\/?s={search_term_string}"},"query-input":{"@type":"PropertyValueSpecification","valueRequired":true,"valueName":"search_term_string"}}],"inLanguage":"it-IT"},{"@type":"Organization","@id":"https:\/\/www.iobevo.com\/online\/#organization","name":"General Beverage","url":"https:\/\/www.iobevo.com\/online\/","logo":{"@type":"ImageObject","inLanguage":"it-IT","@id":"https:\/\/www.iobevo.com\/online\/#\/schema\/logo\/image\/","url":"https:\/\/www.iobevo.com\/online\/wp-content\/uploads\/2014\/01\/logo_gb_horizontal_grey_160x47.png","contentUrl":"https:\/\/www.iobevo.com\/online\/wp-content\/uploads\/2014\/01\/logo_gb_horizontal_grey_160x47.png","width":160,"height":47,"caption":"General Beverage"},"image":{"@id":"https:\/\/www.iobevo.com\/online\/#\/schema\/logo\/image\/"},"sameAs":["https:\/\/x.com\/IoBevo"]},{"@type":"Person","@id":"https:\/\/www.iobevo.com\/online\/#\/schema\/person\/aec64c5f4c1758f9ad2c1e37e68f887e","name":"General Beverage","image":{"@type":"ImageObject","inLanguage":"it-IT","@id":"https:\/\/secure.gravatar.com\/avatar\/50da32a981d9ddb152bdaa8b1880365710ecf32ab963597fb3658bda651af55b?s=96&d=mm&r=g","url":"https:\/\/secure.gravatar.com\/avatar\/50da32a981d9ddb152bdaa8b1880365710ecf32ab963597fb3658bda651af55b?s=96&d=mm&r=g","contentUrl":"https:\/\/secure.gravatar.com\/avatar\/50da32a981d9ddb152bdaa8b1880365710ecf32ab963597fb3658bda651af55b?s=96&d=mm&r=g","caption":"General Beverage"},"url":"https:\/\/www.iobevo.com\/online\/author\/general-beverage\/"}]}},"_links":{"self":[{"href":"https:\/\/www.iobevo.com\/online\/wp-json\/wp\/v2\/posts\/15458","targetHints":{"allow":["GET"]}}],"collection":[{"href":"https:\/\/www.iobevo.com\/online\/wp-json\/wp\/v2\/posts"}],"about":[{"href":"https:\/\/www.iobevo.com\/online\/wp-json\/wp\/v2\/types\/post"}],"author":[{"embeddable":true,"href":"https:\/\/www.iobevo.com\/online\/wp-json\/wp\/v2\/users\/58"}],"replies":[{"embeddable":true,"href":"https:\/\/www.iobevo.com\/online\/wp-json\/wp\/v2\/comments?post=15458"}],"version-history":[{"count":0,"href":"https:\/\/www.iobevo.com\/online\/wp-json\/wp\/v2\/posts\/15458\/revisions"}],"wp:featuredmedia":[{"embeddable":true,"href":"https:\/\/www.iobevo.com\/online\/wp-json\/wp\/v2\/media\/15433"}],"wp:attachment":[{"href":"https:\/\/www.iobevo.com\/online\/wp-json\/wp\/v2\/media?parent=15458"}],"wp:term":[{"taxonomy":"category","embeddable":true,"href":"https:\/\/www.iobevo.com\/online\/wp-json\/wp\/v2\/categories?post=15458"},{"taxonomy":"post_tag","embeddable":true,"href":"https:\/\/www.iobevo.com\/online\/wp-json\/wp\/v2\/tags?post=15458"}],"curies":[{"name":"wp","href":"https:\/\/api.w.org\/{rel}","templated":true}]}}