{"id":15599,"date":"2019-02-22T16:09:21","date_gmt":"2019-02-22T14:09:21","guid":{"rendered":"https:\/\/www.iobevo.com\/online\/?p=15599"},"modified":"2019-02-22T16:17:35","modified_gmt":"2019-02-22T14:17:35","slug":"addio-inverno-ecco-i-cinque-frutti-primaverili-piu-gustosi","status":"publish","type":"post","link":"https:\/\/www.iobevo.com\/online\/addio-inverno-ecco-i-cinque-frutti-primaverili-piu-gustosi\/","title":{"rendered":"Addio inverno! Ecco i cinque frutti primaverili pi\u00f9 gustosi"},"content":{"rendered":"<h2>Sta per arrivare la primavera, dimentichiamo il freddo invernale e facciamoci baciare dal sole consumando prodotti di stagione! Scopri i cinque frutti pi\u00f9 gustosi di questo periodo.<\/h2>\n<p>Siamo prossimi a uno dei periodi pi\u00f9 belli dell\u2019anno: il passaggio dall\u2019interminabile inverno alla tanto attesa primavera. Ci lasceremo presto il freddo alle spalle con tutti i malanni che ci hanno accompagnato nei mesi pi\u00f9 rigidi. \u00c8 tempo di tornare in forma! Ecco<strong> i cinque frutti primaverili pi\u00f9 gustosi<\/strong> per fare il \u201cpieno di vitamine\u201d:<\/p>\n<p><strong>ARANCE<\/strong>: ricche di vitamine C, aiutano a rafforzare il <strong>sistema immunitario<\/strong>. Sebbene le spremute siano particolarmente gustose e rinfrescanti, \u00e8 bene\u00a0consumare <strong>arance a spicchi<\/strong> in quanto la maggior parte della <strong>pectina<\/strong> si trova nell\u2019albedo, la parte bianca che riveste la scorza.<\/p>\n<p><strong>MANDARINI<\/strong>: oltre a essere ricchi di vitamina C, contengono un buon quantitativo di v<strong>itamine dei gruppi A e B<\/strong>. Sono ottimali per mantenere la <strong>pelle idratata e sana<\/strong> grazie all\u2019acqua e ai minerali (magnesio, calcio, fosforo\u2026) presenti nella polpa del frutto.<\/p>\n<p><strong>LIMONI<\/strong>: come le arance e i mandarini, sono ricchi di vitamina C e aiutano a contrastare raffreddamenti e indisposizione. L\u2019assunzione di un buon quantitativo di limoni<strong> abbassa i livelli di istamina<\/strong>, un composto organico che provoca rossore degli occhi e rinite. Da non dimenticare: i limoni rientrano a tutti gli effetti tra gli <strong>alimenti anticolesterolo<\/strong> per eccellenza.<\/p>\n<p><strong>MELE<\/strong>: come tutti i frutti sopra elencati contengono vitamina C, ma non solo. Le mele sono ricche di <strong>pectina<\/strong>, una fibra che regola il passaggio del glucosio dall\u2019intestino al sangue, controllando cos\u00ec il livello di glicemia nel sangue. Con le mele \u00e8 possibile preparare torte, succhi e marmellate buone tutto l\u2019anno.<\/p>\n<p><strong>KIWI<\/strong>: un frutto che piace a tutti e fa bene a ogni et\u00e0! Oltre che per il suo straordinario valore nutritivo (potassio e vitamine dei gruppi C ed E) \u00e8 particolarmente apprezzato per le sue <strong>propriet\u00e0 antisettiche, dissetanti e diuretiche.<\/strong> L\u2019enzima actinidia presente nel kiwi \u00e8 un rimedio naturale contro stanchezza.<\/p>\n<p>In primavera crescono moltissimi altri frutti come pompelmo, cedri, pere e anche frutti rossi come ciliegie, fragole, pesche e albicocche.\u00a0Conoscere effettivamente quale sia <strong>la\u00a0frutta che matura ogni mese<\/strong>\u00a0\u00e8 importante, in particolare per tutti coloro che seguono\u00a0un\u2019alimentazione naturale e sostenibile.<\/p>\n","protected":false},"excerpt":{"rendered":"<p>Sta per arrivare la primavera, dimentichiamo il freddo invernale e facciamoci baciare dal sole consumando prodotti di stagione! Scopri i cinque frutti pi\u00f9 gustosi di questo periodo. Siamo prossimi a uno dei periodi pi\u00f9 belli dell\u2019anno: il passaggio dall\u2019interminabile inverno alla tanto attesa primavera. Ci lasceremo presto il freddo alle [&hellip;]<\/p>\n","protected":false},"author":58,"featured_media":15600,"comment_status":"open","ping_status":"open","sticky":false,"template":"","format":"standard","meta":{"footnotes":""},"categories":[138],"tags":[190,345,340,423,425,373,426,424,342],"class_list":["post-15599","post","type-post","status-publish","format-standard","has-post-thumbnail","hentry","category-novita","tag-ambiente","tag-arancia","tag-bevande-salutistiche","tag-frutta","tag-kiwi","tag-limone","tag-mandarino","tag-mela","tag-vegan-mix"],"yoast_head":"<!-- This site is optimized with the Yoast SEO plugin v27.5 - https:\/\/yoast.com\/product\/yoast-seo-wordpress\/ -->\n<title>Addio inverno! Ecco i cinque frutti primaverili pi\u00f9 gustosi - io bevo\u00ae<\/title>\n<meta name=\"description\" content=\"Dimentichiamo il freddo invernale e facciamoci baciare dal sole consumando prodotti di stagione! Scopri i cinque frutti pi\u00f9 gustosi di questo periodo...\" \/>\n<meta name=\"robots\" content=\"index, follow, max-snippet:-1, max-image-preview:large, max-video-preview:-1\" \/>\n<link rel=\"canonical\" href=\"https:\/\/www.iobevo.com\/online\/addio-inverno-ecco-i-cinque-frutti-primaverili-piu-gustosi\/\" \/>\n<meta property=\"og:locale\" content=\"it_IT\" \/>\n<meta property=\"og:type\" content=\"article\" \/>\n<meta property=\"og:title\" content=\"Addio inverno! Ecco i cinque frutti primaverili pi\u00f9 gustosi - io bevo\u00ae\" \/>\n<meta property=\"og:description\" content=\"Dimentichiamo il freddo invernale e facciamoci baciare dal sole consumando prodotti di stagione! Scopri i cinque frutti pi\u00f9 gustosi di questo periodo...\" \/>\n<meta property=\"og:url\" content=\"https:\/\/www.iobevo.com\/online\/addio-inverno-ecco-i-cinque-frutti-primaverili-piu-gustosi\/\" \/>\n<meta property=\"og:site_name\" content=\"io bevo\u00ae\" \/>\n<meta property=\"article:published_time\" content=\"2019-02-22T14:09:21+00:00\" \/>\n<meta property=\"article:modified_time\" content=\"2019-02-22T14:17:35+00:00\" \/>\n<meta property=\"og:image\" content=\"https:\/\/www.iobevo.com\/online\/wp-content\/uploads\/2019\/02\/5-frutti-primaverili-piu-gustosi-e1550844412572.jpeg\" \/>\n\t<meta property=\"og:image:width\" content=\"960\" \/>\n\t<meta property=\"og:image:height\" content=\"661\" \/>\n\t<meta property=\"og:image:type\" content=\"image\/jpeg\" \/>\n<meta name=\"author\" content=\"General Beverage\" \/>\n<meta name=\"twitter:card\" content=\"summary_large_image\" \/>\n<meta name=\"twitter:creator\" content=\"@IoBevo\" \/>\n<meta name=\"twitter:site\" content=\"@IoBevo\" \/>\n<meta name=\"twitter:label1\" content=\"Scritto da\" \/>\n\t<meta name=\"twitter:data1\" content=\"General Beverage\" \/>\n\t<meta name=\"twitter:label2\" content=\"Tempo di lettura stimato\" \/>\n\t<meta name=\"twitter:data2\" content=\"2 minuti\" \/>\n<script type=\"application\/ld+json\" class=\"yoast-schema-graph\">{\"@context\":\"https:\\\/\\\/schema.org\",\"@graph\":[{\"@type\":\"Article\",\"@id\":\"https:\\\/\\\/www.iobevo.com\\\/online\\\/addio-inverno-ecco-i-cinque-frutti-primaverili-piu-gustosi\\\/#article\",\"isPartOf\":{\"@id\":\"https:\\\/\\\/www.iobevo.com\\\/online\\\/addio-inverno-ecco-i-cinque-frutti-primaverili-piu-gustosi\\\/\"},\"author\":{\"name\":\"General Beverage\",\"@id\":\"https:\\\/\\\/www.iobevo.com\\\/online\\\/#\\\/schema\\\/person\\\/aec64c5f4c1758f9ad2c1e37e68f887e\"},\"headline\":\"Addio inverno! Ecco i cinque frutti primaverili pi\u00f9 gustosi\",\"datePublished\":\"2019-02-22T14:09:21+00:00\",\"dateModified\":\"2019-02-22T14:17:35+00:00\",\"mainEntityOfPage\":{\"@id\":\"https:\\\/\\\/www.iobevo.com\\\/online\\\/addio-inverno-ecco-i-cinque-frutti-primaverili-piu-gustosi\\\/\"},\"wordCount\":379,\"commentCount\":0,\"publisher\":{\"@id\":\"https:\\\/\\\/www.iobevo.com\\\/online\\\/#organization\"},\"image\":{\"@id\":\"https:\\\/\\\/www.iobevo.com\\\/online\\\/addio-inverno-ecco-i-cinque-frutti-primaverili-piu-gustosi\\\/#primaryimage\"},\"thumbnailUrl\":\"https:\\\/\\\/www.iobevo.com\\\/online\\\/wp-content\\\/uploads\\\/2019\\\/02\\\/5-frutti-primaverili-piu-gustosi-e1550844412572.jpeg\",\"keywords\":[\"ambiente\",\"arancia\",\"bevande salutistiche\",\"frutta\",\"kiwi\",\"limone\",\"mandarino\",\"mela\",\"Vegan Mix\"],\"articleSection\":[\"Novit\u00e0\"],\"inLanguage\":\"it-IT\",\"potentialAction\":[{\"@type\":\"CommentAction\",\"name\":\"Comment\",\"target\":[\"https:\\\/\\\/www.iobevo.com\\\/online\\\/addio-inverno-ecco-i-cinque-frutti-primaverili-piu-gustosi\\\/#respond\"]}]},{\"@type\":\"WebPage\",\"@id\":\"https:\\\/\\\/www.iobevo.com\\\/online\\\/addio-inverno-ecco-i-cinque-frutti-primaverili-piu-gustosi\\\/\",\"url\":\"https:\\\/\\\/www.iobevo.com\\\/online\\\/addio-inverno-ecco-i-cinque-frutti-primaverili-piu-gustosi\\\/\",\"name\":\"Addio inverno! Ecco i cinque frutti primaverili pi\u00f9 gustosi - io bevo\u00ae\",\"isPartOf\":{\"@id\":\"https:\\\/\\\/www.iobevo.com\\\/online\\\/#website\"},\"primaryImageOfPage\":{\"@id\":\"https:\\\/\\\/www.iobevo.com\\\/online\\\/addio-inverno-ecco-i-cinque-frutti-primaverili-piu-gustosi\\\/#primaryimage\"},\"image\":{\"@id\":\"https:\\\/\\\/www.iobevo.com\\\/online\\\/addio-inverno-ecco-i-cinque-frutti-primaverili-piu-gustosi\\\/#primaryimage\"},\"thumbnailUrl\":\"https:\\\/\\\/www.iobevo.com\\\/online\\\/wp-content\\\/uploads\\\/2019\\\/02\\\/5-frutti-primaverili-piu-gustosi-e1550844412572.jpeg\",\"datePublished\":\"2019-02-22T14:09:21+00:00\",\"dateModified\":\"2019-02-22T14:17:35+00:00\",\"description\":\"Dimentichiamo il freddo invernale e facciamoci baciare dal sole consumando prodotti di stagione! Scopri i cinque frutti pi\u00f9 gustosi di questo periodo...\",\"inLanguage\":\"it-IT\",\"potentialAction\":[{\"@type\":\"ReadAction\",\"target\":[\"https:\\\/\\\/www.iobevo.com\\\/online\\\/addio-inverno-ecco-i-cinque-frutti-primaverili-piu-gustosi\\\/\"]}]},{\"@type\":\"ImageObject\",\"inLanguage\":\"it-IT\",\"@id\":\"https:\\\/\\\/www.iobevo.com\\\/online\\\/addio-inverno-ecco-i-cinque-frutti-primaverili-piu-gustosi\\\/#primaryimage\",\"url\":\"https:\\\/\\\/www.iobevo.com\\\/online\\\/wp-content\\\/uploads\\\/2019\\\/02\\\/5-frutti-primaverili-piu-gustosi-e1550844412572.jpeg\",\"contentUrl\":\"https:\\\/\\\/www.iobevo.com\\\/online\\\/wp-content\\\/uploads\\\/2019\\\/02\\\/5-frutti-primaverili-piu-gustosi-e1550844412572.jpeg\",\"width\":960,\"height\":661,\"caption\":\"cinque frutti primaverili pi\u00f9 gustosi\"},{\"@type\":\"WebSite\",\"@id\":\"https:\\\/\\\/www.iobevo.com\\\/online\\\/#website\",\"url\":\"https:\\\/\\\/www.iobevo.com\\\/online\\\/\",\"name\":\"io bevo\u00ae\",\"description\":\"Drink Plastic free\",\"publisher\":{\"@id\":\"https:\\\/\\\/www.iobevo.com\\\/online\\\/#organization\"},\"potentialAction\":[{\"@type\":\"SearchAction\",\"target\":{\"@type\":\"EntryPoint\",\"urlTemplate\":\"https:\\\/\\\/www.iobevo.com\\\/online\\\/?s={search_term_string}\"},\"query-input\":{\"@type\":\"PropertyValueSpecification\",\"valueRequired\":true,\"valueName\":\"search_term_string\"}}],\"inLanguage\":\"it-IT\"},{\"@type\":\"Organization\",\"@id\":\"https:\\\/\\\/www.iobevo.com\\\/online\\\/#organization\",\"name\":\"General Beverage\",\"url\":\"https:\\\/\\\/www.iobevo.com\\\/online\\\/\",\"logo\":{\"@type\":\"ImageObject\",\"inLanguage\":\"it-IT\",\"@id\":\"https:\\\/\\\/www.iobevo.com\\\/online\\\/#\\\/schema\\\/logo\\\/image\\\/\",\"url\":\"https:\\\/\\\/www.iobevo.com\\\/online\\\/wp-content\\\/uploads\\\/2014\\\/01\\\/logo_gb_horizontal_grey_160x47.png\",\"contentUrl\":\"https:\\\/\\\/www.iobevo.com\\\/online\\\/wp-content\\\/uploads\\\/2014\\\/01\\\/logo_gb_horizontal_grey_160x47.png\",\"width\":160,\"height\":47,\"caption\":\"General Beverage\"},\"image\":{\"@id\":\"https:\\\/\\\/www.iobevo.com\\\/online\\\/#\\\/schema\\\/logo\\\/image\\\/\"},\"sameAs\":[\"https:\\\/\\\/x.com\\\/IoBevo\"]},{\"@type\":\"Person\",\"@id\":\"https:\\\/\\\/www.iobevo.com\\\/online\\\/#\\\/schema\\\/person\\\/aec64c5f4c1758f9ad2c1e37e68f887e\",\"name\":\"General Beverage\",\"image\":{\"@type\":\"ImageObject\",\"inLanguage\":\"it-IT\",\"@id\":\"https:\\\/\\\/secure.gravatar.com\\\/avatar\\\/50da32a981d9ddb152bdaa8b1880365710ecf32ab963597fb3658bda651af55b?s=96&d=mm&r=g\",\"url\":\"https:\\\/\\\/secure.gravatar.com\\\/avatar\\\/50da32a981d9ddb152bdaa8b1880365710ecf32ab963597fb3658bda651af55b?s=96&d=mm&r=g\",\"contentUrl\":\"https:\\\/\\\/secure.gravatar.com\\\/avatar\\\/50da32a981d9ddb152bdaa8b1880365710ecf32ab963597fb3658bda651af55b?s=96&d=mm&r=g\",\"caption\":\"General Beverage\"},\"url\":\"https:\\\/\\\/www.iobevo.com\\\/online\\\/author\\\/general-beverage\\\/\"}]}<\/script>\n<!-- \/ Yoast SEO plugin. -->","yoast_head_json":{"title":"Addio inverno! Ecco i cinque frutti primaverili pi\u00f9 gustosi - io bevo\u00ae","description":"Dimentichiamo il freddo invernale e facciamoci baciare dal sole consumando prodotti di stagione! Scopri i cinque frutti pi\u00f9 gustosi di questo periodo...","robots":{"index":"index","follow":"follow","max-snippet":"max-snippet:-1","max-image-preview":"max-image-preview:large","max-video-preview":"max-video-preview:-1"},"canonical":"https:\/\/www.iobevo.com\/online\/addio-inverno-ecco-i-cinque-frutti-primaverili-piu-gustosi\/","og_locale":"it_IT","og_type":"article","og_title":"Addio inverno! Ecco i cinque frutti primaverili pi\u00f9 gustosi - io bevo\u00ae","og_description":"Dimentichiamo il freddo invernale e facciamoci baciare dal sole consumando prodotti di stagione! Scopri i cinque frutti pi\u00f9 gustosi di questo periodo...","og_url":"https:\/\/www.iobevo.com\/online\/addio-inverno-ecco-i-cinque-frutti-primaverili-piu-gustosi\/","og_site_name":"io bevo\u00ae","article_published_time":"2019-02-22T14:09:21+00:00","article_modified_time":"2019-02-22T14:17:35+00:00","og_image":[{"width":960,"height":661,"url":"https:\/\/www.iobevo.com\/online\/wp-content\/uploads\/2019\/02\/5-frutti-primaverili-piu-gustosi-e1550844412572.jpeg","type":"image\/jpeg"}],"author":"General Beverage","twitter_card":"summary_large_image","twitter_creator":"@IoBevo","twitter_site":"@IoBevo","twitter_misc":{"Scritto da":"General Beverage","Tempo di lettura stimato":"2 minuti"},"schema":{"@context":"https:\/\/schema.org","@graph":[{"@type":"Article","@id":"https:\/\/www.iobevo.com\/online\/addio-inverno-ecco-i-cinque-frutti-primaverili-piu-gustosi\/#article","isPartOf":{"@id":"https:\/\/www.iobevo.com\/online\/addio-inverno-ecco-i-cinque-frutti-primaverili-piu-gustosi\/"},"author":{"name":"General Beverage","@id":"https:\/\/www.iobevo.com\/online\/#\/schema\/person\/aec64c5f4c1758f9ad2c1e37e68f887e"},"headline":"Addio inverno! Ecco i cinque frutti primaverili pi\u00f9 gustosi","datePublished":"2019-02-22T14:09:21+00:00","dateModified":"2019-02-22T14:17:35+00:00","mainEntityOfPage":{"@id":"https:\/\/www.iobevo.com\/online\/addio-inverno-ecco-i-cinque-frutti-primaverili-piu-gustosi\/"},"wordCount":379,"commentCount":0,"publisher":{"@id":"https:\/\/www.iobevo.com\/online\/#organization"},"image":{"@id":"https:\/\/www.iobevo.com\/online\/addio-inverno-ecco-i-cinque-frutti-primaverili-piu-gustosi\/#primaryimage"},"thumbnailUrl":"https:\/\/www.iobevo.com\/online\/wp-content\/uploads\/2019\/02\/5-frutti-primaverili-piu-gustosi-e1550844412572.jpeg","keywords":["ambiente","arancia","bevande salutistiche","frutta","kiwi","limone","mandarino","mela","Vegan Mix"],"articleSection":["Novit\u00e0"],"inLanguage":"it-IT","potentialAction":[{"@type":"CommentAction","name":"Comment","target":["https:\/\/www.iobevo.com\/online\/addio-inverno-ecco-i-cinque-frutti-primaverili-piu-gustosi\/#respond"]}]},{"@type":"WebPage","@id":"https:\/\/www.iobevo.com\/online\/addio-inverno-ecco-i-cinque-frutti-primaverili-piu-gustosi\/","url":"https:\/\/www.iobevo.com\/online\/addio-inverno-ecco-i-cinque-frutti-primaverili-piu-gustosi\/","name":"Addio inverno! Ecco i cinque frutti primaverili pi\u00f9 gustosi - io bevo\u00ae","isPartOf":{"@id":"https:\/\/www.iobevo.com\/online\/#website"},"primaryImageOfPage":{"@id":"https:\/\/www.iobevo.com\/online\/addio-inverno-ecco-i-cinque-frutti-primaverili-piu-gustosi\/#primaryimage"},"image":{"@id":"https:\/\/www.iobevo.com\/online\/addio-inverno-ecco-i-cinque-frutti-primaverili-piu-gustosi\/#primaryimage"},"thumbnailUrl":"https:\/\/www.iobevo.com\/online\/wp-content\/uploads\/2019\/02\/5-frutti-primaverili-piu-gustosi-e1550844412572.jpeg","datePublished":"2019-02-22T14:09:21+00:00","dateModified":"2019-02-22T14:17:35+00:00","description":"Dimentichiamo il freddo invernale e facciamoci baciare dal sole consumando prodotti di stagione! Scopri i cinque frutti pi\u00f9 gustosi di questo periodo...","inLanguage":"it-IT","potentialAction":[{"@type":"ReadAction","target":["https:\/\/www.iobevo.com\/online\/addio-inverno-ecco-i-cinque-frutti-primaverili-piu-gustosi\/"]}]},{"@type":"ImageObject","inLanguage":"it-IT","@id":"https:\/\/www.iobevo.com\/online\/addio-inverno-ecco-i-cinque-frutti-primaverili-piu-gustosi\/#primaryimage","url":"https:\/\/www.iobevo.com\/online\/wp-content\/uploads\/2019\/02\/5-frutti-primaverili-piu-gustosi-e1550844412572.jpeg","contentUrl":"https:\/\/www.iobevo.com\/online\/wp-content\/uploads\/2019\/02\/5-frutti-primaverili-piu-gustosi-e1550844412572.jpeg","width":960,"height":661,"caption":"cinque frutti primaverili pi\u00f9 gustosi"},{"@type":"WebSite","@id":"https:\/\/www.iobevo.com\/online\/#website","url":"https:\/\/www.iobevo.com\/online\/","name":"io bevo\u00ae","description":"Drink Plastic free","publisher":{"@id":"https:\/\/www.iobevo.com\/online\/#organization"},"potentialAction":[{"@type":"SearchAction","target":{"@type":"EntryPoint","urlTemplate":"https:\/\/www.iobevo.com\/online\/?s={search_term_string}"},"query-input":{"@type":"PropertyValueSpecification","valueRequired":true,"valueName":"search_term_string"}}],"inLanguage":"it-IT"},{"@type":"Organization","@id":"https:\/\/www.iobevo.com\/online\/#organization","name":"General Beverage","url":"https:\/\/www.iobevo.com\/online\/","logo":{"@type":"ImageObject","inLanguage":"it-IT","@id":"https:\/\/www.iobevo.com\/online\/#\/schema\/logo\/image\/","url":"https:\/\/www.iobevo.com\/online\/wp-content\/uploads\/2014\/01\/logo_gb_horizontal_grey_160x47.png","contentUrl":"https:\/\/www.iobevo.com\/online\/wp-content\/uploads\/2014\/01\/logo_gb_horizontal_grey_160x47.png","width":160,"height":47,"caption":"General Beverage"},"image":{"@id":"https:\/\/www.iobevo.com\/online\/#\/schema\/logo\/image\/"},"sameAs":["https:\/\/x.com\/IoBevo"]},{"@type":"Person","@id":"https:\/\/www.iobevo.com\/online\/#\/schema\/person\/aec64c5f4c1758f9ad2c1e37e68f887e","name":"General Beverage","image":{"@type":"ImageObject","inLanguage":"it-IT","@id":"https:\/\/secure.gravatar.com\/avatar\/50da32a981d9ddb152bdaa8b1880365710ecf32ab963597fb3658bda651af55b?s=96&d=mm&r=g","url":"https:\/\/secure.gravatar.com\/avatar\/50da32a981d9ddb152bdaa8b1880365710ecf32ab963597fb3658bda651af55b?s=96&d=mm&r=g","contentUrl":"https:\/\/secure.gravatar.com\/avatar\/50da32a981d9ddb152bdaa8b1880365710ecf32ab963597fb3658bda651af55b?s=96&d=mm&r=g","caption":"General Beverage"},"url":"https:\/\/www.iobevo.com\/online\/author\/general-beverage\/"}]}},"_links":{"self":[{"href":"https:\/\/www.iobevo.com\/online\/wp-json\/wp\/v2\/posts\/15599","targetHints":{"allow":["GET"]}}],"collection":[{"href":"https:\/\/www.iobevo.com\/online\/wp-json\/wp\/v2\/posts"}],"about":[{"href":"https:\/\/www.iobevo.com\/online\/wp-json\/wp\/v2\/types\/post"}],"author":[{"embeddable":true,"href":"https:\/\/www.iobevo.com\/online\/wp-json\/wp\/v2\/users\/58"}],"replies":[{"embeddable":true,"href":"https:\/\/www.iobevo.com\/online\/wp-json\/wp\/v2\/comments?post=15599"}],"version-history":[{"count":0,"href":"https:\/\/www.iobevo.com\/online\/wp-json\/wp\/v2\/posts\/15599\/revisions"}],"wp:featuredmedia":[{"embeddable":true,"href":"https:\/\/www.iobevo.com\/online\/wp-json\/wp\/v2\/media\/15600"}],"wp:attachment":[{"href":"https:\/\/www.iobevo.com\/online\/wp-json\/wp\/v2\/media?parent=15599"}],"wp:term":[{"taxonomy":"category","embeddable":true,"href":"https:\/\/www.iobevo.com\/online\/wp-json\/wp\/v2\/categories?post=15599"},{"taxonomy":"post_tag","embeddable":true,"href":"https:\/\/www.iobevo.com\/online\/wp-json\/wp\/v2\/tags?post=15599"}],"curies":[{"name":"wp","href":"https:\/\/api.w.org\/{rel}","templated":true}]}}