{"id":18157,"date":"2021-02-26T15:34:34","date_gmt":"2021-02-26T13:34:34","guid":{"rendered":"https:\/\/www.iobevo.com\/online\/?p=18157"},"modified":"2021-02-26T16:01:25","modified_gmt":"2021-02-26T14:01:25","slug":"educatt-intervista-il-nostro-ceo-giovanni-varoli","status":"publish","type":"post","link":"https:\/\/www.iobevo.com\/online\/educatt-intervista-il-nostro-ceo-giovanni-varoli\/","title":{"rendered":"EDUCatt intervista il nostro CEO Giovanni Varoli"},"content":{"rendered":"<p>Da anni partner di IoBevo, <a href=\"https:\/\/www.educattepeople.it\">EDUCatt<\/a> condivide con noi l\u2019attenzione al tema della <strong>sostenibilit\u00e0 ambientale<\/strong> e la volont\u00e0 di innovarsi per garantire servizi sicuri e di alta qualit\u00e0: per questo \u00e8 stata la prima mensa universitaria ad accogliere con entusiasmo il nostro nuovo sistema dispenser di acqua e bevande\u00a0con tecnologia<strong>\u00a0Contact Free Med+<\/strong>, sistema prelievo senza tocco, senza limiti di consumo e senza l\u2019uso di plastica.<\/p>\n<p>In questa intervista rilasciata a EDUCatt, Giovanni Varoli, amministratore di General Beverage, racconta il progetto di freebeverage che, tagliando drasticamente l\u2019uso di imballaggi di plastica e alluminio, riduce la pressione ambientale senza rinunciare alla qualit\u00e0 e all\u2019adattabilit\u00e0 delle soluzioni.<\/p>\n<p><iframe width=\"560\" height=\"315\" src=\"https:\/\/www.youtube.com\/embed\/0vC5ZPs1UJU\" frameborder=\"0\" allow=\"accelerometer; autoplay; clipboard-write; encrypted-media; gyroscope; picture-in-picture\" allowfullscreen><\/iframe><\/p>\n","protected":false},"excerpt":{"rendered":"<p>Da anni partner di IoBevo, EDUCatt condivide con noi l\u2019attenzione al tema della sostenibilit\u00e0 ambientale e la volont\u00e0 di innovarsi per garantire servizi sicuri e di alta qualit\u00e0: per questo \u00e8 stata la prima mensa universitaria ad accogliere con entusiasmo il nostro nuovo sistema dispenser di acqua e bevande\u00a0con tecnologia\u00a0Contact [&hellip;]<\/p>\n","protected":false},"author":58,"featured_media":18158,"comment_status":"open","ping_status":"open","sticky":false,"template":"","format":"standard","meta":{"footnotes":""},"categories":[138],"tags":[],"class_list":["post-18157","post","type-post","status-publish","format-standard","has-post-thumbnail","hentry","category-novita"],"yoast_head":"<!-- This site is optimized with the Yoast SEO plugin v27.5 - https:\/\/yoast.com\/product\/yoast-seo-wordpress\/ -->\n<title>EDUCatt intervista il nostro CEO Giovanni Varoli - io bevo\u00ae<\/title>\n<meta name=\"description\" content=\"In questa intervista rilasciata a EDUCatt, Giovanni Varoli, amministratore di General Beverage, racconta il progetto di freebeverage...\" \/>\n<meta name=\"robots\" content=\"index, follow, max-snippet:-1, max-image-preview:large, max-video-preview:-1\" \/>\n<link rel=\"canonical\" href=\"https:\/\/www.iobevo.com\/online\/educatt-intervista-il-nostro-ceo-giovanni-varoli\/\" \/>\n<meta property=\"og:locale\" content=\"it_IT\" \/>\n<meta property=\"og:type\" content=\"article\" \/>\n<meta property=\"og:title\" content=\"EDUCatt intervista il nostro CEO Giovanni Varoli - io bevo\u00ae\" \/>\n<meta property=\"og:description\" content=\"In questa intervista rilasciata a EDUCatt, Giovanni Varoli, amministratore di General Beverage, racconta il progetto di freebeverage...\" \/>\n<meta property=\"og:url\" content=\"https:\/\/www.iobevo.com\/online\/educatt-intervista-il-nostro-ceo-giovanni-varoli\/\" \/>\n<meta property=\"og:site_name\" content=\"io bevo\u00ae\" \/>\n<meta property=\"article:published_time\" content=\"2021-02-26T13:34:34+00:00\" \/>\n<meta property=\"article:modified_time\" content=\"2021-02-26T14:01:25+00:00\" \/>\n<meta property=\"og:image\" content=\"https:\/\/www.iobevo.com\/online\/wp-content\/uploads\/2021\/02\/miniature-youtube-a-colloquio-1.jpg\" \/>\n\t<meta property=\"og:image:width\" content=\"990\" \/>\n\t<meta property=\"og:image:height\" content=\"658\" \/>\n\t<meta property=\"og:image:type\" content=\"image\/jpeg\" \/>\n<meta name=\"author\" content=\"General Beverage\" \/>\n<meta name=\"twitter:card\" content=\"summary_large_image\" \/>\n<meta name=\"twitter:creator\" content=\"@IoBevo\" \/>\n<meta name=\"twitter:site\" content=\"@IoBevo\" \/>\n<meta name=\"twitter:label1\" content=\"Scritto da\" \/>\n\t<meta name=\"twitter:data1\" content=\"General Beverage\" \/>\n\t<meta name=\"twitter:label2\" content=\"Tempo di lettura stimato\" \/>\n\t<meta name=\"twitter:data2\" content=\"1 minuto\" \/>\n<script type=\"application\/ld+json\" class=\"yoast-schema-graph\">{\"@context\":\"https:\\\/\\\/schema.org\",\"@graph\":[{\"@type\":\"Article\",\"@id\":\"https:\\\/\\\/www.iobevo.com\\\/online\\\/educatt-intervista-il-nostro-ceo-giovanni-varoli\\\/#article\",\"isPartOf\":{\"@id\":\"https:\\\/\\\/www.iobevo.com\\\/online\\\/educatt-intervista-il-nostro-ceo-giovanni-varoli\\\/\"},\"author\":{\"name\":\"General Beverage\",\"@id\":\"https:\\\/\\\/www.iobevo.com\\\/online\\\/#\\\/schema\\\/person\\\/aec64c5f4c1758f9ad2c1e37e68f887e\"},\"headline\":\"EDUCatt intervista il nostro CEO Giovanni Varoli\",\"datePublished\":\"2021-02-26T13:34:34+00:00\",\"dateModified\":\"2021-02-26T14:01:25+00:00\",\"mainEntityOfPage\":{\"@id\":\"https:\\\/\\\/www.iobevo.com\\\/online\\\/educatt-intervista-il-nostro-ceo-giovanni-varoli\\\/\"},\"wordCount\":116,\"commentCount\":0,\"publisher\":{\"@id\":\"https:\\\/\\\/www.iobevo.com\\\/online\\\/#organization\"},\"image\":{\"@id\":\"https:\\\/\\\/www.iobevo.com\\\/online\\\/educatt-intervista-il-nostro-ceo-giovanni-varoli\\\/#primaryimage\"},\"thumbnailUrl\":\"https:\\\/\\\/www.iobevo.com\\\/online\\\/wp-content\\\/uploads\\\/2021\\\/02\\\/miniature-youtube-a-colloquio-1.jpg\",\"articleSection\":[\"Novit\u00e0\"],\"inLanguage\":\"it-IT\",\"potentialAction\":[{\"@type\":\"CommentAction\",\"name\":\"Comment\",\"target\":[\"https:\\\/\\\/www.iobevo.com\\\/online\\\/educatt-intervista-il-nostro-ceo-giovanni-varoli\\\/#respond\"]}]},{\"@type\":\"WebPage\",\"@id\":\"https:\\\/\\\/www.iobevo.com\\\/online\\\/educatt-intervista-il-nostro-ceo-giovanni-varoli\\\/\",\"url\":\"https:\\\/\\\/www.iobevo.com\\\/online\\\/educatt-intervista-il-nostro-ceo-giovanni-varoli\\\/\",\"name\":\"EDUCatt intervista il nostro CEO Giovanni Varoli - io bevo\u00ae\",\"isPartOf\":{\"@id\":\"https:\\\/\\\/www.iobevo.com\\\/online\\\/#website\"},\"primaryImageOfPage\":{\"@id\":\"https:\\\/\\\/www.iobevo.com\\\/online\\\/educatt-intervista-il-nostro-ceo-giovanni-varoli\\\/#primaryimage\"},\"image\":{\"@id\":\"https:\\\/\\\/www.iobevo.com\\\/online\\\/educatt-intervista-il-nostro-ceo-giovanni-varoli\\\/#primaryimage\"},\"thumbnailUrl\":\"https:\\\/\\\/www.iobevo.com\\\/online\\\/wp-content\\\/uploads\\\/2021\\\/02\\\/miniature-youtube-a-colloquio-1.jpg\",\"datePublished\":\"2021-02-26T13:34:34+00:00\",\"dateModified\":\"2021-02-26T14:01:25+00:00\",\"description\":\"In questa intervista rilasciata a EDUCatt, Giovanni Varoli, amministratore di General Beverage, racconta il progetto di freebeverage...\",\"inLanguage\":\"it-IT\",\"potentialAction\":[{\"@type\":\"ReadAction\",\"target\":[\"https:\\\/\\\/www.iobevo.com\\\/online\\\/educatt-intervista-il-nostro-ceo-giovanni-varoli\\\/\"]}]},{\"@type\":\"ImageObject\",\"inLanguage\":\"it-IT\",\"@id\":\"https:\\\/\\\/www.iobevo.com\\\/online\\\/educatt-intervista-il-nostro-ceo-giovanni-varoli\\\/#primaryimage\",\"url\":\"https:\\\/\\\/www.iobevo.com\\\/online\\\/wp-content\\\/uploads\\\/2021\\\/02\\\/miniature-youtube-a-colloquio-1.jpg\",\"contentUrl\":\"https:\\\/\\\/www.iobevo.com\\\/online\\\/wp-content\\\/uploads\\\/2021\\\/02\\\/miniature-youtube-a-colloquio-1.jpg\",\"width\":990,\"height\":658,\"caption\":\"Intervista EDUCatt\"},{\"@type\":\"WebSite\",\"@id\":\"https:\\\/\\\/www.iobevo.com\\\/online\\\/#website\",\"url\":\"https:\\\/\\\/www.iobevo.com\\\/online\\\/\",\"name\":\"io bevo\u00ae\",\"description\":\"Drink Plastic free\",\"publisher\":{\"@id\":\"https:\\\/\\\/www.iobevo.com\\\/online\\\/#organization\"},\"potentialAction\":[{\"@type\":\"SearchAction\",\"target\":{\"@type\":\"EntryPoint\",\"urlTemplate\":\"https:\\\/\\\/www.iobevo.com\\\/online\\\/?s={search_term_string}\"},\"query-input\":{\"@type\":\"PropertyValueSpecification\",\"valueRequired\":true,\"valueName\":\"search_term_string\"}}],\"inLanguage\":\"it-IT\"},{\"@type\":\"Organization\",\"@id\":\"https:\\\/\\\/www.iobevo.com\\\/online\\\/#organization\",\"name\":\"General Beverage\",\"url\":\"https:\\\/\\\/www.iobevo.com\\\/online\\\/\",\"logo\":{\"@type\":\"ImageObject\",\"inLanguage\":\"it-IT\",\"@id\":\"https:\\\/\\\/www.iobevo.com\\\/online\\\/#\\\/schema\\\/logo\\\/image\\\/\",\"url\":\"https:\\\/\\\/www.iobevo.com\\\/online\\\/wp-content\\\/uploads\\\/2014\\\/01\\\/logo_gb_horizontal_grey_160x47.png\",\"contentUrl\":\"https:\\\/\\\/www.iobevo.com\\\/online\\\/wp-content\\\/uploads\\\/2014\\\/01\\\/logo_gb_horizontal_grey_160x47.png\",\"width\":160,\"height\":47,\"caption\":\"General Beverage\"},\"image\":{\"@id\":\"https:\\\/\\\/www.iobevo.com\\\/online\\\/#\\\/schema\\\/logo\\\/image\\\/\"},\"sameAs\":[\"https:\\\/\\\/x.com\\\/IoBevo\"]},{\"@type\":\"Person\",\"@id\":\"https:\\\/\\\/www.iobevo.com\\\/online\\\/#\\\/schema\\\/person\\\/aec64c5f4c1758f9ad2c1e37e68f887e\",\"name\":\"General Beverage\",\"image\":{\"@type\":\"ImageObject\",\"inLanguage\":\"it-IT\",\"@id\":\"https:\\\/\\\/secure.gravatar.com\\\/avatar\\\/50da32a981d9ddb152bdaa8b1880365710ecf32ab963597fb3658bda651af55b?s=96&d=mm&r=g\",\"url\":\"https:\\\/\\\/secure.gravatar.com\\\/avatar\\\/50da32a981d9ddb152bdaa8b1880365710ecf32ab963597fb3658bda651af55b?s=96&d=mm&r=g\",\"contentUrl\":\"https:\\\/\\\/secure.gravatar.com\\\/avatar\\\/50da32a981d9ddb152bdaa8b1880365710ecf32ab963597fb3658bda651af55b?s=96&d=mm&r=g\",\"caption\":\"General Beverage\"},\"url\":\"https:\\\/\\\/www.iobevo.com\\\/online\\\/author\\\/general-beverage\\\/\"}]}<\/script>\n<!-- \/ Yoast SEO plugin. -->","yoast_head_json":{"title":"EDUCatt intervista il nostro CEO Giovanni Varoli - io bevo\u00ae","description":"In questa intervista rilasciata a EDUCatt, Giovanni Varoli, amministratore di General Beverage, racconta il progetto di freebeverage...","robots":{"index":"index","follow":"follow","max-snippet":"max-snippet:-1","max-image-preview":"max-image-preview:large","max-video-preview":"max-video-preview:-1"},"canonical":"https:\/\/www.iobevo.com\/online\/educatt-intervista-il-nostro-ceo-giovanni-varoli\/","og_locale":"it_IT","og_type":"article","og_title":"EDUCatt intervista il nostro CEO Giovanni Varoli - io bevo\u00ae","og_description":"In questa intervista rilasciata a EDUCatt, Giovanni Varoli, amministratore di General Beverage, racconta il progetto di freebeverage...","og_url":"https:\/\/www.iobevo.com\/online\/educatt-intervista-il-nostro-ceo-giovanni-varoli\/","og_site_name":"io bevo\u00ae","article_published_time":"2021-02-26T13:34:34+00:00","article_modified_time":"2021-02-26T14:01:25+00:00","og_image":[{"width":990,"height":658,"url":"https:\/\/www.iobevo.com\/online\/wp-content\/uploads\/2021\/02\/miniature-youtube-a-colloquio-1.jpg","type":"image\/jpeg"}],"author":"General Beverage","twitter_card":"summary_large_image","twitter_creator":"@IoBevo","twitter_site":"@IoBevo","twitter_misc":{"Scritto da":"General Beverage","Tempo di lettura stimato":"1 minuto"},"schema":{"@context":"https:\/\/schema.org","@graph":[{"@type":"Article","@id":"https:\/\/www.iobevo.com\/online\/educatt-intervista-il-nostro-ceo-giovanni-varoli\/#article","isPartOf":{"@id":"https:\/\/www.iobevo.com\/online\/educatt-intervista-il-nostro-ceo-giovanni-varoli\/"},"author":{"name":"General Beverage","@id":"https:\/\/www.iobevo.com\/online\/#\/schema\/person\/aec64c5f4c1758f9ad2c1e37e68f887e"},"headline":"EDUCatt intervista il nostro CEO Giovanni Varoli","datePublished":"2021-02-26T13:34:34+00:00","dateModified":"2021-02-26T14:01:25+00:00","mainEntityOfPage":{"@id":"https:\/\/www.iobevo.com\/online\/educatt-intervista-il-nostro-ceo-giovanni-varoli\/"},"wordCount":116,"commentCount":0,"publisher":{"@id":"https:\/\/www.iobevo.com\/online\/#organization"},"image":{"@id":"https:\/\/www.iobevo.com\/online\/educatt-intervista-il-nostro-ceo-giovanni-varoli\/#primaryimage"},"thumbnailUrl":"https:\/\/www.iobevo.com\/online\/wp-content\/uploads\/2021\/02\/miniature-youtube-a-colloquio-1.jpg","articleSection":["Novit\u00e0"],"inLanguage":"it-IT","potentialAction":[{"@type":"CommentAction","name":"Comment","target":["https:\/\/www.iobevo.com\/online\/educatt-intervista-il-nostro-ceo-giovanni-varoli\/#respond"]}]},{"@type":"WebPage","@id":"https:\/\/www.iobevo.com\/online\/educatt-intervista-il-nostro-ceo-giovanni-varoli\/","url":"https:\/\/www.iobevo.com\/online\/educatt-intervista-il-nostro-ceo-giovanni-varoli\/","name":"EDUCatt intervista il nostro CEO Giovanni Varoli - io bevo\u00ae","isPartOf":{"@id":"https:\/\/www.iobevo.com\/online\/#website"},"primaryImageOfPage":{"@id":"https:\/\/www.iobevo.com\/online\/educatt-intervista-il-nostro-ceo-giovanni-varoli\/#primaryimage"},"image":{"@id":"https:\/\/www.iobevo.com\/online\/educatt-intervista-il-nostro-ceo-giovanni-varoli\/#primaryimage"},"thumbnailUrl":"https:\/\/www.iobevo.com\/online\/wp-content\/uploads\/2021\/02\/miniature-youtube-a-colloquio-1.jpg","datePublished":"2021-02-26T13:34:34+00:00","dateModified":"2021-02-26T14:01:25+00:00","description":"In questa intervista rilasciata a EDUCatt, Giovanni Varoli, amministratore di General Beverage, racconta il progetto di freebeverage...","inLanguage":"it-IT","potentialAction":[{"@type":"ReadAction","target":["https:\/\/www.iobevo.com\/online\/educatt-intervista-il-nostro-ceo-giovanni-varoli\/"]}]},{"@type":"ImageObject","inLanguage":"it-IT","@id":"https:\/\/www.iobevo.com\/online\/educatt-intervista-il-nostro-ceo-giovanni-varoli\/#primaryimage","url":"https:\/\/www.iobevo.com\/online\/wp-content\/uploads\/2021\/02\/miniature-youtube-a-colloquio-1.jpg","contentUrl":"https:\/\/www.iobevo.com\/online\/wp-content\/uploads\/2021\/02\/miniature-youtube-a-colloquio-1.jpg","width":990,"height":658,"caption":"Intervista EDUCatt"},{"@type":"WebSite","@id":"https:\/\/www.iobevo.com\/online\/#website","url":"https:\/\/www.iobevo.com\/online\/","name":"io bevo\u00ae","description":"Drink Plastic free","publisher":{"@id":"https:\/\/www.iobevo.com\/online\/#organization"},"potentialAction":[{"@type":"SearchAction","target":{"@type":"EntryPoint","urlTemplate":"https:\/\/www.iobevo.com\/online\/?s={search_term_string}"},"query-input":{"@type":"PropertyValueSpecification","valueRequired":true,"valueName":"search_term_string"}}],"inLanguage":"it-IT"},{"@type":"Organization","@id":"https:\/\/www.iobevo.com\/online\/#organization","name":"General Beverage","url":"https:\/\/www.iobevo.com\/online\/","logo":{"@type":"ImageObject","inLanguage":"it-IT","@id":"https:\/\/www.iobevo.com\/online\/#\/schema\/logo\/image\/","url":"https:\/\/www.iobevo.com\/online\/wp-content\/uploads\/2014\/01\/logo_gb_horizontal_grey_160x47.png","contentUrl":"https:\/\/www.iobevo.com\/online\/wp-content\/uploads\/2014\/01\/logo_gb_horizontal_grey_160x47.png","width":160,"height":47,"caption":"General Beverage"},"image":{"@id":"https:\/\/www.iobevo.com\/online\/#\/schema\/logo\/image\/"},"sameAs":["https:\/\/x.com\/IoBevo"]},{"@type":"Person","@id":"https:\/\/www.iobevo.com\/online\/#\/schema\/person\/aec64c5f4c1758f9ad2c1e37e68f887e","name":"General Beverage","image":{"@type":"ImageObject","inLanguage":"it-IT","@id":"https:\/\/secure.gravatar.com\/avatar\/50da32a981d9ddb152bdaa8b1880365710ecf32ab963597fb3658bda651af55b?s=96&d=mm&r=g","url":"https:\/\/secure.gravatar.com\/avatar\/50da32a981d9ddb152bdaa8b1880365710ecf32ab963597fb3658bda651af55b?s=96&d=mm&r=g","contentUrl":"https:\/\/secure.gravatar.com\/avatar\/50da32a981d9ddb152bdaa8b1880365710ecf32ab963597fb3658bda651af55b?s=96&d=mm&r=g","caption":"General Beverage"},"url":"https:\/\/www.iobevo.com\/online\/author\/general-beverage\/"}]}},"_links":{"self":[{"href":"https:\/\/www.iobevo.com\/online\/wp-json\/wp\/v2\/posts\/18157","targetHints":{"allow":["GET"]}}],"collection":[{"href":"https:\/\/www.iobevo.com\/online\/wp-json\/wp\/v2\/posts"}],"about":[{"href":"https:\/\/www.iobevo.com\/online\/wp-json\/wp\/v2\/types\/post"}],"author":[{"embeddable":true,"href":"https:\/\/www.iobevo.com\/online\/wp-json\/wp\/v2\/users\/58"}],"replies":[{"embeddable":true,"href":"https:\/\/www.iobevo.com\/online\/wp-json\/wp\/v2\/comments?post=18157"}],"version-history":[{"count":3,"href":"https:\/\/www.iobevo.com\/online\/wp-json\/wp\/v2\/posts\/18157\/revisions"}],"predecessor-version":[{"id":18167,"href":"https:\/\/www.iobevo.com\/online\/wp-json\/wp\/v2\/posts\/18157\/revisions\/18167"}],"wp:featuredmedia":[{"embeddable":true,"href":"https:\/\/www.iobevo.com\/online\/wp-json\/wp\/v2\/media\/18158"}],"wp:attachment":[{"href":"https:\/\/www.iobevo.com\/online\/wp-json\/wp\/v2\/media?parent=18157"}],"wp:term":[{"taxonomy":"category","embeddable":true,"href":"https:\/\/www.iobevo.com\/online\/wp-json\/wp\/v2\/categories?post=18157"},{"taxonomy":"post_tag","embeddable":true,"href":"https:\/\/www.iobevo.com\/online\/wp-json\/wp\/v2\/tags?post=18157"}],"curies":[{"name":"wp","href":"https:\/\/api.w.org\/{rel}","templated":true}]}}