{"id":20010,"date":"2022-10-24T18:54:21","date_gmt":"2022-10-24T16:54:21","guid":{"rendered":"https:\/\/www.iobevo.com\/online\/?p=20010"},"modified":"2022-11-09T10:35:51","modified_gmt":"2022-11-09T08:35:51","slug":"premio-mensa-verde-i-riconoscimenti-assegnati","status":"publish","type":"post","link":"https:\/\/www.iobevo.com\/online\/premio-mensa-verde-i-riconoscimenti-assegnati\/","title":{"rendered":"Premio Mensa Verde: i riconoscimenti assegnati"},"content":{"rendered":"\n<p>Si \u00e8 conclusa l\u2019edizione 2022 del FORUM COMPRAVERDE la fiera convegno che ogni anno racconta come le pubbliche amministrazioni siano sempre pi\u00f9 green e l\u2019economia sostenibile possa essere volano di sviluppo del Paese. <\/p>\n\n\n\n<p><strong>General Beverage<\/strong> ha partecipato al Forum Compraverde Buygreen 2022 che si \u00e8 tenuto il 19 e il 20 ottobre a Roma in qualit\u00e0 di sponsor per l\u2019assegnazione del Premio Mensa Verde. In occasione di tale evento, sono stati assegnati diversi premi &#8211; Bando Verde, Politica GPP, Cultura in Verde e Social Procurement &#8211; in diversi ambiti, tutti con lo scopo di premiare e incentivare la sostenibilit\u00e0 ambientale e sociale in tutti i settori e a 360 gradi.\u00a0<\/p>\n\n\n\n<h2 class=\"wp-block-heading\">I vincitori del Premio Mensa Verda 2022<\/h2>\n\n\n\n<figure class=\"wp-block-image size-large\"><img fetchpriority=\"high\" decoding=\"async\" width=\"1024\" height=\"682\" src=\"https:\/\/www.iobevo.com\/online\/wp-content\/uploads\/2022\/10\/iobevo_Compraverde_514-1-1024x682.jpg\" alt=\"\" class=\"wp-image-20037\" srcset=\"https:\/\/www.iobevo.com\/online\/wp-content\/uploads\/2022\/10\/iobevo_Compraverde_514-1-1024x682.jpg 1024w, https:\/\/www.iobevo.com\/online\/wp-content\/uploads\/2022\/10\/iobevo_Compraverde_514-1-300x200.jpg 300w, https:\/\/www.iobevo.com\/online\/wp-content\/uploads\/2022\/10\/iobevo_Compraverde_514-1-768x512.jpg 768w, https:\/\/www.iobevo.com\/online\/wp-content\/uploads\/2022\/10\/iobevo_Compraverde_514-1.jpg 1250w\" sizes=\"(max-width: 1024px) 100vw, 1024px\" \/><figcaption>Il premio assegnato al Comune di Roma<\/figcaption><\/figure>\n\n\n\n<p>Il vincitore assoluto dell&#8217;edizione Premio Mensa Verde 2022 \u00e8 stato il <strong>Comune di Roma<\/strong> per aver gestito il servizio di ristorazione scolastica garantendo alta la qualit\u00e0. Il sito ufficiale del <a href=\"https:\/\/www.forumcompraverde.it\/con-la-consegna-dei-premi-si-chiude-la-xvi-edizione-del-forum-compraverde-buygreen\/\">Forum Compraverde<\/a> riporta la seguente motivazione: \u201cper aver applicato il prezzo fisso sulla base del quale gli operatori economici hanno potuto competere solo in base a criteri qualitativi del servizio.\u201d Il considerare la qualit\u00e0 come un elemento portante del punteggio di gara, e non lo sconto applicato, \u00e8 una novit\u00e0 molto interessante rispetto al panorama abituale.<\/p>\n\n\n\n<figure class=\"wp-block-gallery has-nested-images columns-default is-cropped wp-block-gallery-1 is-layout-flex wp-block-gallery-is-layout-flex\">\n<figure class=\"wp-block-image size-large\"><img decoding=\"async\" width=\"1200\" height=\"800\" data-id=\"20030\" src=\"https:\/\/www.iobevo.com\/online\/wp-content\/uploads\/2022\/10\/iobevo_Compraverde_campus_savona.jpg\" alt=\"\" class=\"wp-image-20030\" srcset=\"https:\/\/www.iobevo.com\/online\/wp-content\/uploads\/2022\/10\/iobevo_Compraverde_campus_savona.jpg 1200w, https:\/\/www.iobevo.com\/online\/wp-content\/uploads\/2022\/10\/iobevo_Compraverde_campus_savona-300x200.jpg 300w, https:\/\/www.iobevo.com\/online\/wp-content\/uploads\/2022\/10\/iobevo_Compraverde_campus_savona-1024x683.jpg 1024w, https:\/\/www.iobevo.com\/online\/wp-content\/uploads\/2022\/10\/iobevo_Compraverde_campus_savona-768x512.jpg 768w\" sizes=\"(max-width: 1200px) 100vw, 1200px\" \/><figcaption>La menzione al Campus di Savona<\/figcaption><\/figure>\n\n\n\n<figure class=\"wp-block-image size-large\"><img decoding=\"async\" width=\"1200\" height=\"800\" data-id=\"20022\" src=\"https:\/\/www.iobevo.com\/online\/wp-content\/uploads\/2022\/10\/iobevo_Compraverde_pinerolo.jpg\" alt=\"\" class=\"wp-image-20022\" srcset=\"https:\/\/www.iobevo.com\/online\/wp-content\/uploads\/2022\/10\/iobevo_Compraverde_pinerolo.jpg 1200w, https:\/\/www.iobevo.com\/online\/wp-content\/uploads\/2022\/10\/iobevo_Compraverde_pinerolo-300x200.jpg 300w, https:\/\/www.iobevo.com\/online\/wp-content\/uploads\/2022\/10\/iobevo_Compraverde_pinerolo-1024x683.jpg 1024w, https:\/\/www.iobevo.com\/online\/wp-content\/uploads\/2022\/10\/iobevo_Compraverde_pinerolo-768x512.jpg 768w\" sizes=\"(max-width: 1200px) 100vw, 1200px\" \/><figcaption>La menzione al Comune di Pinerolo<\/figcaption><\/figure>\n<\/figure>\n\n\n\n<p>Allo stesso tempo, sono stati menzionati il <strong>Campus Universitario di Savona<\/strong> e il <strong>Comune di Pinerolo<\/strong>. Del primo \u00e8 stato sottolineato non solo l\u2019impegno per la sostenibilit\u00e0 ambientale attraverso la creazione di una mensa a basso impatto ambientale, ma anche quello per la sostenibilit\u00e0 sociale per mezzo di menu inclusivi per vegetariani, celiaci, intolleranti e studenti stranieri. Ad esempio, \u00e8 stato incluso nei men\u00f9 almeno un piatto \u201cetnico\u201d insieme ai piatti tipici regionali italiani. Il Comune di Pinerolo, invece, \u00e8 stato riconosciuto per la capacit\u00e0 di diffondere un\u2019educazione alimentare contro gli sprechi e a favore del miglioramento della qualit\u00e0 della vita nelle scuole e nelle mense scolastiche.<\/p>\n\n\n\n<h2 class=\"wp-block-heading\">IOBEVO al TTG Travel Experience 2022<\/h2>\n\n\n\n<p>Il 12, 13 e 14 ottobre, IOBEVO ha partecipato al TTG Travel Experience 2022. L\u2019evento si \u00e8 concluso a gonfie vele, regalando molte soddisfazioni. Infatti, si sono registrate pi\u00f9 di 5000 presenze allo stand, migliaia di caff\u00e8 e bevande erogate e centinaia di clienti, partner e nuovi interlocutori. Tutto ci\u00f2 in soli tre giorni!<\/p>\n\n\n\n<p>Inoltre, rispetto al 2021 c\u2019\u00e8 stato un incremento delle presenze del 25% e visitatori da 50 paesi di tutto il mondo. \u00c8 un segnale di fiducia per il settore dell\u2019ospitalit\u00e0.<br><br>Seguici su <a href=\"https:\/\/www.facebook.com\/IoBevo.it\">Facebook<\/a>, <a href=\"https:\/\/www.instagram.com\/iobevo_it\/\">Instagram<\/a> e <a href=\"https:\/\/www.linkedin.com\/company\/io-bevo\/\">LinkedIn<\/a> per non perderti tutte le novit\u00e0 sui prossimi eventi!<\/p>\n","protected":false},"excerpt":{"rendered":"<p>Si \u00e8 conclusa l\u2019edizione 2022 del FORUM COMPRAVERDE la fiera convegno che ogni anno racconta come le pubbliche amministrazioni siano sempre pi\u00f9 green e l\u2019economia sostenibile possa essere volano di sviluppo del Paese. General Beverage ha partecipato al Forum Compraverde Buygreen 2022 che si \u00e8 tenuto il 19 e il [&hellip;]<\/p>\n","protected":false},"author":81,"featured_media":20011,"comment_status":"closed","ping_status":"open","sticky":false,"template":"","format":"standard","meta":{"footnotes":""},"categories":[139,138],"tags":[],"class_list":["post-20010","post","type-post","status-publish","format-standard","has-post-thumbnail","hentry","category-news-ru","category-novita"],"yoast_head":"<!-- This site is optimized with the Yoast SEO plugin v27.5 - https:\/\/yoast.com\/product\/yoast-seo-wordpress\/ -->\n<title>Premio Mensa Verde: i riconoscimenti assegnati - io bevo\u00ae<\/title>\n<meta name=\"description\" content=\"IOBEVO consegna il premio Mensa Verde 2022 in occasione del Forum Compraverde Buygreen 2022 e partecipa al TTG Travel Experience 2022. Si concludono gli eventi di ottobre.\" \/>\n<meta name=\"robots\" content=\"index, follow, max-snippet:-1, max-image-preview:large, max-video-preview:-1\" \/>\n<link rel=\"canonical\" href=\"https:\/\/www.iobevo.com\/online\/premio-mensa-verde-i-riconoscimenti-assegnati\/\" \/>\n<meta property=\"og:locale\" content=\"it_IT\" \/>\n<meta property=\"og:type\" content=\"article\" \/>\n<meta property=\"og:title\" content=\"Premio Mensa Verde: i riconoscimenti assegnati - io bevo\u00ae\" \/>\n<meta property=\"og:description\" content=\"IOBEVO consegna il premio Mensa Verde 2022 in occasione del Forum Compraverde Buygreen 2022 e partecipa al TTG Travel Experience 2022. Si concludono gli eventi di ottobre.\" \/>\n<meta property=\"og:url\" content=\"https:\/\/www.iobevo.com\/online\/premio-mensa-verde-i-riconoscimenti-assegnati\/\" \/>\n<meta property=\"og:site_name\" content=\"io bevo\u00ae\" \/>\n<meta property=\"article:published_time\" content=\"2022-10-24T16:54:21+00:00\" \/>\n<meta property=\"article:modified_time\" content=\"2022-11-09T08:35:51+00:00\" \/>\n<meta property=\"og:image\" content=\"https:\/\/www.iobevo.com\/online\/wp-content\/uploads\/2022\/10\/iobevo-premio-compraverde.jpg\" \/>\n\t<meta property=\"og:image:width\" content=\"2048\" \/>\n\t<meta property=\"og:image:height\" content=\"1366\" \/>\n\t<meta property=\"og:image:type\" content=\"image\/jpeg\" \/>\n<meta name=\"author\" content=\"Giulia Macr\u00ec\" \/>\n<meta name=\"twitter:card\" content=\"summary_large_image\" \/>\n<meta name=\"twitter:creator\" content=\"@IoBevo\" \/>\n<meta name=\"twitter:site\" content=\"@IoBevo\" \/>\n<meta name=\"twitter:label1\" content=\"Scritto da\" \/>\n\t<meta name=\"twitter:data1\" content=\"Giulia Macr\u00ec\" \/>\n\t<meta name=\"twitter:label2\" content=\"Tempo di lettura stimato\" \/>\n\t<meta name=\"twitter:data2\" content=\"3 minuti\" \/>\n<script type=\"application\/ld+json\" class=\"yoast-schema-graph\">{\"@context\":\"https:\\\/\\\/schema.org\",\"@graph\":[{\"@type\":\"Article\",\"@id\":\"https:\\\/\\\/www.iobevo.com\\\/online\\\/premio-mensa-verde-i-riconoscimenti-assegnati\\\/#article\",\"isPartOf\":{\"@id\":\"https:\\\/\\\/www.iobevo.com\\\/online\\\/premio-mensa-verde-i-riconoscimenti-assegnati\\\/\"},\"author\":{\"name\":\"Giulia Macr\u00ec\",\"@id\":\"https:\\\/\\\/www.iobevo.com\\\/online\\\/#\\\/schema\\\/person\\\/88cb37fd28aa1e2f139b0aafebe85991\"},\"headline\":\"Premio Mensa Verde: i riconoscimenti assegnati\",\"datePublished\":\"2022-10-24T16:54:21+00:00\",\"dateModified\":\"2022-11-09T08:35:51+00:00\",\"mainEntityOfPage\":{\"@id\":\"https:\\\/\\\/www.iobevo.com\\\/online\\\/premio-mensa-verde-i-riconoscimenti-assegnati\\\/\"},\"wordCount\":422,\"publisher\":{\"@id\":\"https:\\\/\\\/www.iobevo.com\\\/online\\\/#organization\"},\"image\":{\"@id\":\"https:\\\/\\\/www.iobevo.com\\\/online\\\/premio-mensa-verde-i-riconoscimenti-assegnati\\\/#primaryimage\"},\"thumbnailUrl\":\"https:\\\/\\\/www.iobevo.com\\\/online\\\/wp-content\\\/uploads\\\/2022\\\/10\\\/iobevo-premio-compraverde.jpg\",\"articleSection\":[\"News\",\"Novit\u00e0\"],\"inLanguage\":\"it-IT\"},{\"@type\":\"WebPage\",\"@id\":\"https:\\\/\\\/www.iobevo.com\\\/online\\\/premio-mensa-verde-i-riconoscimenti-assegnati\\\/\",\"url\":\"https:\\\/\\\/www.iobevo.com\\\/online\\\/premio-mensa-verde-i-riconoscimenti-assegnati\\\/\",\"name\":\"Premio Mensa Verde: i riconoscimenti assegnati - io bevo\u00ae\",\"isPartOf\":{\"@id\":\"https:\\\/\\\/www.iobevo.com\\\/online\\\/#website\"},\"primaryImageOfPage\":{\"@id\":\"https:\\\/\\\/www.iobevo.com\\\/online\\\/premio-mensa-verde-i-riconoscimenti-assegnati\\\/#primaryimage\"},\"image\":{\"@id\":\"https:\\\/\\\/www.iobevo.com\\\/online\\\/premio-mensa-verde-i-riconoscimenti-assegnati\\\/#primaryimage\"},\"thumbnailUrl\":\"https:\\\/\\\/www.iobevo.com\\\/online\\\/wp-content\\\/uploads\\\/2022\\\/10\\\/iobevo-premio-compraverde.jpg\",\"datePublished\":\"2022-10-24T16:54:21+00:00\",\"dateModified\":\"2022-11-09T08:35:51+00:00\",\"description\":\"IOBEVO consegna il premio Mensa Verde 2022 in occasione del Forum Compraverde Buygreen 2022 e partecipa al TTG Travel Experience 2022. Si concludono gli eventi di ottobre.\",\"inLanguage\":\"it-IT\",\"potentialAction\":[{\"@type\":\"ReadAction\",\"target\":[\"https:\\\/\\\/www.iobevo.com\\\/online\\\/premio-mensa-verde-i-riconoscimenti-assegnati\\\/\"]}]},{\"@type\":\"ImageObject\",\"inLanguage\":\"it-IT\",\"@id\":\"https:\\\/\\\/www.iobevo.com\\\/online\\\/premio-mensa-verde-i-riconoscimenti-assegnati\\\/#primaryimage\",\"url\":\"https:\\\/\\\/www.iobevo.com\\\/online\\\/wp-content\\\/uploads\\\/2022\\\/10\\\/iobevo-premio-compraverde.jpg\",\"contentUrl\":\"https:\\\/\\\/www.iobevo.com\\\/online\\\/wp-content\\\/uploads\\\/2022\\\/10\\\/iobevo-premio-compraverde.jpg\",\"width\":2048,\"height\":1366},{\"@type\":\"WebSite\",\"@id\":\"https:\\\/\\\/www.iobevo.com\\\/online\\\/#website\",\"url\":\"https:\\\/\\\/www.iobevo.com\\\/online\\\/\",\"name\":\"io bevo\u00ae\",\"description\":\"Drink Plastic free\",\"publisher\":{\"@id\":\"https:\\\/\\\/www.iobevo.com\\\/online\\\/#organization\"},\"potentialAction\":[{\"@type\":\"SearchAction\",\"target\":{\"@type\":\"EntryPoint\",\"urlTemplate\":\"https:\\\/\\\/www.iobevo.com\\\/online\\\/?s={search_term_string}\"},\"query-input\":{\"@type\":\"PropertyValueSpecification\",\"valueRequired\":true,\"valueName\":\"search_term_string\"}}],\"inLanguage\":\"it-IT\"},{\"@type\":\"Organization\",\"@id\":\"https:\\\/\\\/www.iobevo.com\\\/online\\\/#organization\",\"name\":\"General Beverage\",\"url\":\"https:\\\/\\\/www.iobevo.com\\\/online\\\/\",\"logo\":{\"@type\":\"ImageObject\",\"inLanguage\":\"it-IT\",\"@id\":\"https:\\\/\\\/www.iobevo.com\\\/online\\\/#\\\/schema\\\/logo\\\/image\\\/\",\"url\":\"https:\\\/\\\/www.iobevo.com\\\/online\\\/wp-content\\\/uploads\\\/2014\\\/01\\\/logo_gb_horizontal_grey_160x47.png\",\"contentUrl\":\"https:\\\/\\\/www.iobevo.com\\\/online\\\/wp-content\\\/uploads\\\/2014\\\/01\\\/logo_gb_horizontal_grey_160x47.png\",\"width\":160,\"height\":47,\"caption\":\"General Beverage\"},\"image\":{\"@id\":\"https:\\\/\\\/www.iobevo.com\\\/online\\\/#\\\/schema\\\/logo\\\/image\\\/\"},\"sameAs\":[\"https:\\\/\\\/x.com\\\/IoBevo\"]},{\"@type\":\"Person\",\"@id\":\"https:\\\/\\\/www.iobevo.com\\\/online\\\/#\\\/schema\\\/person\\\/88cb37fd28aa1e2f139b0aafebe85991\",\"name\":\"Giulia Macr\u00ec\",\"image\":{\"@type\":\"ImageObject\",\"inLanguage\":\"it-IT\",\"@id\":\"https:\\\/\\\/secure.gravatar.com\\\/avatar\\\/6f6e09a60a916afd5b37caec70d94e63a08132fb5933cbfc96800068d5342557?s=96&d=mm&r=g\",\"url\":\"https:\\\/\\\/secure.gravatar.com\\\/avatar\\\/6f6e09a60a916afd5b37caec70d94e63a08132fb5933cbfc96800068d5342557?s=96&d=mm&r=g\",\"contentUrl\":\"https:\\\/\\\/secure.gravatar.com\\\/avatar\\\/6f6e09a60a916afd5b37caec70d94e63a08132fb5933cbfc96800068d5342557?s=96&d=mm&r=g\",\"caption\":\"Giulia Macr\u00ec\"},\"url\":\"https:\\\/\\\/www.iobevo.com\\\/online\\\/author\\\/giuliamacri\\\/\"}]}<\/script>\n<!-- \/ Yoast SEO plugin. -->","yoast_head_json":{"title":"Premio Mensa Verde: i riconoscimenti assegnati - io bevo\u00ae","description":"IOBEVO consegna il premio Mensa Verde 2022 in occasione del Forum Compraverde Buygreen 2022 e partecipa al TTG Travel Experience 2022. Si concludono gli eventi di ottobre.","robots":{"index":"index","follow":"follow","max-snippet":"max-snippet:-1","max-image-preview":"max-image-preview:large","max-video-preview":"max-video-preview:-1"},"canonical":"https:\/\/www.iobevo.com\/online\/premio-mensa-verde-i-riconoscimenti-assegnati\/","og_locale":"it_IT","og_type":"article","og_title":"Premio Mensa Verde: i riconoscimenti assegnati - io bevo\u00ae","og_description":"IOBEVO consegna il premio Mensa Verde 2022 in occasione del Forum Compraverde Buygreen 2022 e partecipa al TTG Travel Experience 2022. Si concludono gli eventi di ottobre.","og_url":"https:\/\/www.iobevo.com\/online\/premio-mensa-verde-i-riconoscimenti-assegnati\/","og_site_name":"io bevo\u00ae","article_published_time":"2022-10-24T16:54:21+00:00","article_modified_time":"2022-11-09T08:35:51+00:00","og_image":[{"width":2048,"height":1366,"url":"https:\/\/www.iobevo.com\/online\/wp-content\/uploads\/2022\/10\/iobevo-premio-compraverde.jpg","type":"image\/jpeg"}],"author":"Giulia Macr\u00ec","twitter_card":"summary_large_image","twitter_creator":"@IoBevo","twitter_site":"@IoBevo","twitter_misc":{"Scritto da":"Giulia Macr\u00ec","Tempo di lettura stimato":"3 minuti"},"schema":{"@context":"https:\/\/schema.org","@graph":[{"@type":"Article","@id":"https:\/\/www.iobevo.com\/online\/premio-mensa-verde-i-riconoscimenti-assegnati\/#article","isPartOf":{"@id":"https:\/\/www.iobevo.com\/online\/premio-mensa-verde-i-riconoscimenti-assegnati\/"},"author":{"name":"Giulia Macr\u00ec","@id":"https:\/\/www.iobevo.com\/online\/#\/schema\/person\/88cb37fd28aa1e2f139b0aafebe85991"},"headline":"Premio Mensa Verde: i riconoscimenti assegnati","datePublished":"2022-10-24T16:54:21+00:00","dateModified":"2022-11-09T08:35:51+00:00","mainEntityOfPage":{"@id":"https:\/\/www.iobevo.com\/online\/premio-mensa-verde-i-riconoscimenti-assegnati\/"},"wordCount":422,"publisher":{"@id":"https:\/\/www.iobevo.com\/online\/#organization"},"image":{"@id":"https:\/\/www.iobevo.com\/online\/premio-mensa-verde-i-riconoscimenti-assegnati\/#primaryimage"},"thumbnailUrl":"https:\/\/www.iobevo.com\/online\/wp-content\/uploads\/2022\/10\/iobevo-premio-compraverde.jpg","articleSection":["News","Novit\u00e0"],"inLanguage":"it-IT"},{"@type":"WebPage","@id":"https:\/\/www.iobevo.com\/online\/premio-mensa-verde-i-riconoscimenti-assegnati\/","url":"https:\/\/www.iobevo.com\/online\/premio-mensa-verde-i-riconoscimenti-assegnati\/","name":"Premio Mensa Verde: i riconoscimenti assegnati - io bevo\u00ae","isPartOf":{"@id":"https:\/\/www.iobevo.com\/online\/#website"},"primaryImageOfPage":{"@id":"https:\/\/www.iobevo.com\/online\/premio-mensa-verde-i-riconoscimenti-assegnati\/#primaryimage"},"image":{"@id":"https:\/\/www.iobevo.com\/online\/premio-mensa-verde-i-riconoscimenti-assegnati\/#primaryimage"},"thumbnailUrl":"https:\/\/www.iobevo.com\/online\/wp-content\/uploads\/2022\/10\/iobevo-premio-compraverde.jpg","datePublished":"2022-10-24T16:54:21+00:00","dateModified":"2022-11-09T08:35:51+00:00","description":"IOBEVO consegna il premio Mensa Verde 2022 in occasione del Forum Compraverde Buygreen 2022 e partecipa al TTG Travel Experience 2022. Si concludono gli eventi di ottobre.","inLanguage":"it-IT","potentialAction":[{"@type":"ReadAction","target":["https:\/\/www.iobevo.com\/online\/premio-mensa-verde-i-riconoscimenti-assegnati\/"]}]},{"@type":"ImageObject","inLanguage":"it-IT","@id":"https:\/\/www.iobevo.com\/online\/premio-mensa-verde-i-riconoscimenti-assegnati\/#primaryimage","url":"https:\/\/www.iobevo.com\/online\/wp-content\/uploads\/2022\/10\/iobevo-premio-compraverde.jpg","contentUrl":"https:\/\/www.iobevo.com\/online\/wp-content\/uploads\/2022\/10\/iobevo-premio-compraverde.jpg","width":2048,"height":1366},{"@type":"WebSite","@id":"https:\/\/www.iobevo.com\/online\/#website","url":"https:\/\/www.iobevo.com\/online\/","name":"io bevo\u00ae","description":"Drink Plastic free","publisher":{"@id":"https:\/\/www.iobevo.com\/online\/#organization"},"potentialAction":[{"@type":"SearchAction","target":{"@type":"EntryPoint","urlTemplate":"https:\/\/www.iobevo.com\/online\/?s={search_term_string}"},"query-input":{"@type":"PropertyValueSpecification","valueRequired":true,"valueName":"search_term_string"}}],"inLanguage":"it-IT"},{"@type":"Organization","@id":"https:\/\/www.iobevo.com\/online\/#organization","name":"General Beverage","url":"https:\/\/www.iobevo.com\/online\/","logo":{"@type":"ImageObject","inLanguage":"it-IT","@id":"https:\/\/www.iobevo.com\/online\/#\/schema\/logo\/image\/","url":"https:\/\/www.iobevo.com\/online\/wp-content\/uploads\/2014\/01\/logo_gb_horizontal_grey_160x47.png","contentUrl":"https:\/\/www.iobevo.com\/online\/wp-content\/uploads\/2014\/01\/logo_gb_horizontal_grey_160x47.png","width":160,"height":47,"caption":"General Beverage"},"image":{"@id":"https:\/\/www.iobevo.com\/online\/#\/schema\/logo\/image\/"},"sameAs":["https:\/\/x.com\/IoBevo"]},{"@type":"Person","@id":"https:\/\/www.iobevo.com\/online\/#\/schema\/person\/88cb37fd28aa1e2f139b0aafebe85991","name":"Giulia Macr\u00ec","image":{"@type":"ImageObject","inLanguage":"it-IT","@id":"https:\/\/secure.gravatar.com\/avatar\/6f6e09a60a916afd5b37caec70d94e63a08132fb5933cbfc96800068d5342557?s=96&d=mm&r=g","url":"https:\/\/secure.gravatar.com\/avatar\/6f6e09a60a916afd5b37caec70d94e63a08132fb5933cbfc96800068d5342557?s=96&d=mm&r=g","contentUrl":"https:\/\/secure.gravatar.com\/avatar\/6f6e09a60a916afd5b37caec70d94e63a08132fb5933cbfc96800068d5342557?s=96&d=mm&r=g","caption":"Giulia Macr\u00ec"},"url":"https:\/\/www.iobevo.com\/online\/author\/giuliamacri\/"}]}},"_links":{"self":[{"href":"https:\/\/www.iobevo.com\/online\/wp-json\/wp\/v2\/posts\/20010","targetHints":{"allow":["GET"]}}],"collection":[{"href":"https:\/\/www.iobevo.com\/online\/wp-json\/wp\/v2\/posts"}],"about":[{"href":"https:\/\/www.iobevo.com\/online\/wp-json\/wp\/v2\/types\/post"}],"author":[{"embeddable":true,"href":"https:\/\/www.iobevo.com\/online\/wp-json\/wp\/v2\/users\/81"}],"replies":[{"embeddable":true,"href":"https:\/\/www.iobevo.com\/online\/wp-json\/wp\/v2\/comments?post=20010"}],"version-history":[{"count":4,"href":"https:\/\/www.iobevo.com\/online\/wp-json\/wp\/v2\/posts\/20010\/revisions"}],"predecessor-version":[{"id":20045,"href":"https:\/\/www.iobevo.com\/online\/wp-json\/wp\/v2\/posts\/20010\/revisions\/20045"}],"wp:featuredmedia":[{"embeddable":true,"href":"https:\/\/www.iobevo.com\/online\/wp-json\/wp\/v2\/media\/20011"}],"wp:attachment":[{"href":"https:\/\/www.iobevo.com\/online\/wp-json\/wp\/v2\/media?parent=20010"}],"wp:term":[{"taxonomy":"category","embeddable":true,"href":"https:\/\/www.iobevo.com\/online\/wp-json\/wp\/v2\/categories?post=20010"},{"taxonomy":"post_tag","embeddable":true,"href":"https:\/\/www.iobevo.com\/online\/wp-json\/wp\/v2\/tags?post=20010"}],"curies":[{"name":"wp","href":"https:\/\/api.w.org\/{rel}","templated":true}]}}