{"id":20331,"date":"2023-02-21T16:43:58","date_gmt":"2023-02-21T14:43:58","guid":{"rendered":"https:\/\/www.iobevo.com\/online\/?p=20331"},"modified":"2023-02-21T17:03:38","modified_gmt":"2023-02-21T15:03:38","slug":"iobevo-in-tour-la-lunigiana-e-i-malaspina","status":"publish","type":"post","link":"https:\/\/www.iobevo.com\/online\/iobevo-in-tour-la-lunigiana-e-i-malaspina\/","title":{"rendered":"IObevo in tour: la Lunigiana e i Malaspina"},"content":{"rendered":"\n<p>\u00c8 nella zona della Lunigiana che ha sede e origine l\u2019azienda IoBevo. E dopo Pontremoli, &#8216;IoBevo in tour&#8217; continua proprio in Lunigiana, alla scoperta della storia del<strong> casato dei Malaspina<\/strong>. Un racconto di viaggio che attraverso un percorso storico ci porta a conoscere alcune <strong>curiosit\u00e0<\/strong>, e a voler esplorare le <strong>bellezze architettoniche e paesaggistiche<\/strong>. Dall\u2019origine del feudo, fino a Dante ospite illustre, e concludere con qualche consiglio utile per visitare i castelli e i suoi dintorni.<\/p>\n\n\n\n<h2 class=\"wp-block-heading\"><strong>I Malaspina: la storia del nobile casato<\/strong><\/h2>\n\n\n\n<p>Malaspina \u00e8 il nome della nobile famiglia italiana che ha governato molti <strong>feudi della&nbsp;Lunigiana<\/strong>&nbsp;dal XII al XIV secolo, e il <strong>marchesato di Massa Carrara,<\/strong> dal XV secolo al 1797.<\/p>\n\n\n\n<p>La storia del casato dei Malaspina, con il prolifico albero genealogico, si intreccia con la storia dei regni d\u2019Italia, e non si pu\u00f2 esaurire in poche righe. L\u2019eredit\u00e0 che lasciano sul territorio \u00e8 notevole. Ed \u00e8 fortemente visibile ancora oggi nella grande rete di fortificazioni \u2013 i castelli \u2013 che consentivano il controllo della vallata e cos\u00ec di difendere i possedimenti.<\/p>\n\n\n\n<h2 class=\"wp-block-heading\"><strong>I Malaspina: l\u2019origine del nome &nbsp;<\/strong><\/h2>\n\n\n\n<p>Il grido disperato del re Franchi Teodoboerto <strong>\u201cAh! mala spina!\u201d<\/strong> dette origine al cognome e anche al motto di famiglia. Si narra infatti che nel 540 d.C., il giovane nobile Accino Marzio vendic\u00f2 la morte del padre sorprendendo il re dei Franchi nel sonno, trafiggendolo alla gola con una spina.<\/p>\n\n\n\n<p>L\u2019origine del nome \u00e8 illustrata in un dipinto conservato in una sala del castello di Malaspina.<\/p>\n\n\n\n<p><strong>Il primo a chiamarsi Malaspina fu Alberto<\/strong>, discendente diretto di Oberto, capostipite della nobile famiglia degli Obertenghi.<\/p>\n\n\n\n<h2 class=\"wp-block-heading\"><strong>Dante e il suo soggiorno in Lunigiana<\/strong><\/h2>\n\n\n\n<p>Ma Dante \u00e8 passato da queste parti? Tra documenti, leggende e ricostruzioni dai canti della Divina Commedia possiamo dire con certezza che il Sommo Poeta soggiorn\u00f2 alla corte dei Malaspina in due momenti diversi: nel <strong>castello di Mulazzo<\/strong> e in quello di <strong>Fosdinovo.<\/strong> Alcuni documenti dicono che nel<strong> 1306<\/strong> Dante era proprio in Lunigiana. Arrivava da Verona con l\u2019incarico di ambasciatore affidatogli dal marchese&nbsp;<strong>Franceschino Malaspina, marchese di Mulazzo<\/strong>&nbsp;dello \u201cSpino Secco\u201d, per mettere fine ai contrasti secolari tra i Malaspina ed i vescovi di Luni sul controllo dei diritti feudali di alcuni territori. E Dante ci riusc\u00ec con il trattato di pace.<\/p>\n\n\n\n<h2 class=\"wp-block-heading\"><strong>I Malaspina e la Divina Commedia<\/strong><\/h2>\n\n\n\n<p>Nella Divina Commedia i richiami ai Malaspina e alla Lunigiana sono molteplici in tutte le <strong>tre cantiche, <\/strong>e sebbene non sempre chiaro, sottolineano un legame forte tra Dante e i marchesi della Lunigiana, in particolare con <strong>Moroello Malaspina,<\/strong> con cui Dante strinse un\u2019amicizia, e che sembra abbia avuto un ruolo importante nel motivarlo a completare l\u2019illustre opera. Proprio a Fosdinovo, Dante sarebbe stato ospite di Moroello e avrebbe ripreso a scrivere i suoi versi.<\/p>\n\n\n\n<h2 class=\"wp-block-heading\"><strong>I castelli della Lunigiana<\/strong><\/h2>\n\n\n\n<p>La Lunigiana viene definita la <strong>&#8220;Terra dei Cento Castelli&#8221;.<\/strong> Sulle sponde del fiume Magra fino alle vette appenniniche e dai monti fino al mare si susseguono infatti castelli, torri, manieri, residenze.<\/p>\n\n\n\n<p><strong>Ma perch\u00e9 cos\u00ec tanti castelli?<\/strong> Le ragioni sono storico-giuridiche. I Malaspina occuparono la Lunigiana e continuarono a seguire il diritto longobardo che non prevedeva il maggiorasco (cio\u00e8 il passaggio dei possedimenti al maggiore). Il territorio veniva infatti suddiviso tra i figli maschi, cos\u00ec ogni figlio maschio, che aveva diritto a un proprio feudo, costruiva la propria fortezza.<\/p>\n\n\n\n<p>I castelli dei Malaspina e i suoi dintorni sono un\u2019attrazione turistica molto popolare per la bellezza architettonica e del paesaggio.&nbsp; I visitatori possono fare un tour dei castelli, conoscerne la storia, ammirare la bellezza naturale della zona, e fare esperienza di tutto quello che offre il territorio, anche acquistare e degustare prodotti locali.<\/p>\n\n\n\n<h2 class=\"wp-block-heading\"><strong>Consigli utili e visite guidate<\/strong><\/h2>\n\n\n\n<p>Se desideri visitare i castelli dei Malaspina, ti consigliamo di contattare Sigeric [<a href=\"https:\/\/www.sigeric.it\/\">https:\/\/www.sigeric.it\/<\/a>], un\u2019associazione del territorio che fornisce numerosi servizi turistici, e di consultare l\u2019ampia sezione dedicata ai castelli su Visit Lunigiana [<a href=\"https:\/\/visitlunigiana.it\/cosa-visitare\/castelli\/\">https:\/\/visitlunigiana.it\/cosa-visitare\/castelli\/<\/a>].<\/p>\n\n\n\n<p class=\"has-light-green-cyan-background-color has-background\"><strong>A proposito di IOBevo<\/strong><br><em>IObevo in tour<\/em> contiene articoli informativi su Pontremoli, la Lunigiana e le pi\u00f9 belle destinazioni in Italia. L\u2019azienda IOBEVO non si occupa in alcun modo di organizzare tour.\u00a0IOBEVO sviluppa soluzioni per la distribuzione di bevande in strutture alberghiere, navi da crociera, strutture sociosanitarie, uffici, etc.,\u00a0e con <em>IObevo in tour<\/em> vuole raccontare i luoghi della Penisola in sinergia con i valori aziendali di sostenibilit\u00e0 e tutela dell\u2019ambiente. Puoi scoprire <a href=\"https:\/\/www.iobevo.com\/online\/bevo-per-lambiente\/\">iobevo per l\u2019ambiente<\/a> e leggere la politica aziendale, i risultati ambientali e i premi istituzionali. L\u2019interesse per il territorio emerge anche dalla sua offerta di bevande, che d\u00e0 particolare rilevanza ai prodotti tipici regionali, che puoi scoprire nella sezione le <a href=\"https:\/\/www.iobevo.com\/online\/slow-beverage-bevande-regionali-italiane\/\">nostre bevande regionali<\/a>.<\/p>\n","protected":false},"excerpt":{"rendered":"<p>\u00c8 nella zona della Lunigiana che ha sede e origine l\u2019azienda IoBevo. E dopo Pontremoli, &#8216;IoBevo in tour&#8217; continua proprio in Lunigiana, alla scoperta della storia del casato dei Malaspina. Un racconto di viaggio che attraverso un percorso storico ci porta a conoscere alcune curiosit\u00e0, e a voler esplorare le [&hellip;]<\/p>\n","protected":false},"author":97,"featured_media":20320,"comment_status":"closed","ping_status":"closed","sticky":false,"template":"","format":"standard","meta":{"footnotes":""},"categories":[130,139,138],"tags":[],"class_list":["post-20331","post","type-post","status-publish","format-standard","has-post-thumbnail","hentry","category-news","category-news-ru","category-novita"],"yoast_head":"<!-- This site is optimized with the Yoast SEO plugin v27.5 - https:\/\/yoast.com\/product\/yoast-seo-wordpress\/ -->\n<title>IObevo in tour: la Lunigiana e i Malaspina - io bevo\u00ae<\/title>\n<meta name=\"robots\" content=\"index, follow, max-snippet:-1, max-image-preview:large, max-video-preview:-1\" \/>\n<link rel=\"canonical\" href=\"https:\/\/www.iobevo.com\/online\/iobevo-in-tour-la-lunigiana-e-i-malaspina\/\" \/>\n<meta property=\"og:locale\" content=\"it_IT\" \/>\n<meta property=\"og:type\" content=\"article\" \/>\n<meta property=\"og:title\" content=\"IObevo in tour: la Lunigiana e i Malaspina - io bevo\u00ae\" \/>\n<meta property=\"og:description\" content=\"\u00c8 nella zona della Lunigiana che ha sede e origine l\u2019azienda IoBevo. E dopo Pontremoli, &#8216;IoBevo in tour&#8217; continua proprio in Lunigiana, alla scoperta della storia del casato dei Malaspina. Un racconto di viaggio che attraverso un percorso storico ci porta a conoscere alcune curiosit\u00e0, e a voler esplorare le [&hellip;]\" \/>\n<meta property=\"og:url\" content=\"https:\/\/www.iobevo.com\/online\/iobevo-in-tour-la-lunigiana-e-i-malaspina\/\" \/>\n<meta property=\"og:site_name\" content=\"io bevo\u00ae\" \/>\n<meta property=\"article:published_time\" content=\"2023-02-21T14:43:58+00:00\" \/>\n<meta property=\"article:modified_time\" content=\"2023-02-21T15:03:38+00:00\" \/>\n<meta property=\"og:image\" content=\"https:\/\/www.iobevo.com\/online\/wp-content\/uploads\/2022\/11\/malaspina-lunigiana-iobevo-in-tour.jpg\" \/>\n\t<meta property=\"og:image:width\" content=\"1280\" \/>\n\t<meta property=\"og:image:height\" content=\"768\" \/>\n\t<meta property=\"og:image:type\" content=\"image\/jpeg\" \/>\n<meta name=\"author\" content=\"Patrizia De Santo\" \/>\n<meta name=\"twitter:card\" content=\"summary_large_image\" \/>\n<meta name=\"twitter:creator\" content=\"@IoBevo\" \/>\n<meta name=\"twitter:site\" content=\"@IoBevo\" \/>\n<meta name=\"twitter:label1\" content=\"Scritto da\" \/>\n\t<meta name=\"twitter:data1\" content=\"Patrizia De Santo\" \/>\n\t<meta name=\"twitter:label2\" content=\"Tempo di lettura stimato\" \/>\n\t<meta name=\"twitter:data2\" content=\"4 minuti\" \/>\n<script type=\"application\/ld+json\" class=\"yoast-schema-graph\">{\"@context\":\"https:\\\/\\\/schema.org\",\"@graph\":[{\"@type\":\"Article\",\"@id\":\"https:\\\/\\\/www.iobevo.com\\\/online\\\/iobevo-in-tour-la-lunigiana-e-i-malaspina\\\/#article\",\"isPartOf\":{\"@id\":\"https:\\\/\\\/www.iobevo.com\\\/online\\\/iobevo-in-tour-la-lunigiana-e-i-malaspina\\\/\"},\"author\":{\"name\":\"Patrizia De Santo\",\"@id\":\"https:\\\/\\\/www.iobevo.com\\\/online\\\/#\\\/schema\\\/person\\\/e7816c243058f3c9121820384cc8b35d\"},\"headline\":\"IObevo in tour: la Lunigiana e i Malaspina\",\"datePublished\":\"2023-02-21T14:43:58+00:00\",\"dateModified\":\"2023-02-21T15:03:38+00:00\",\"mainEntityOfPage\":{\"@id\":\"https:\\\/\\\/www.iobevo.com\\\/online\\\/iobevo-in-tour-la-lunigiana-e-i-malaspina\\\/\"},\"wordCount\":780,\"publisher\":{\"@id\":\"https:\\\/\\\/www.iobevo.com\\\/online\\\/#organization\"},\"image\":{\"@id\":\"https:\\\/\\\/www.iobevo.com\\\/online\\\/iobevo-in-tour-la-lunigiana-e-i-malaspina\\\/#primaryimage\"},\"thumbnailUrl\":\"https:\\\/\\\/www.iobevo.com\\\/online\\\/wp-content\\\/uploads\\\/2022\\\/11\\\/malaspina-lunigiana-iobevo-in-tour.jpg\",\"articleSection\":[\"News\",\"News\",\"Novit\u00e0\"],\"inLanguage\":\"it-IT\"},{\"@type\":\"WebPage\",\"@id\":\"https:\\\/\\\/www.iobevo.com\\\/online\\\/iobevo-in-tour-la-lunigiana-e-i-malaspina\\\/\",\"url\":\"https:\\\/\\\/www.iobevo.com\\\/online\\\/iobevo-in-tour-la-lunigiana-e-i-malaspina\\\/\",\"name\":\"IObevo in tour: la Lunigiana e i Malaspina - io bevo\u00ae\",\"isPartOf\":{\"@id\":\"https:\\\/\\\/www.iobevo.com\\\/online\\\/#website\"},\"primaryImageOfPage\":{\"@id\":\"https:\\\/\\\/www.iobevo.com\\\/online\\\/iobevo-in-tour-la-lunigiana-e-i-malaspina\\\/#primaryimage\"},\"image\":{\"@id\":\"https:\\\/\\\/www.iobevo.com\\\/online\\\/iobevo-in-tour-la-lunigiana-e-i-malaspina\\\/#primaryimage\"},\"thumbnailUrl\":\"https:\\\/\\\/www.iobevo.com\\\/online\\\/wp-content\\\/uploads\\\/2022\\\/11\\\/malaspina-lunigiana-iobevo-in-tour.jpg\",\"datePublished\":\"2023-02-21T14:43:58+00:00\",\"dateModified\":\"2023-02-21T15:03:38+00:00\",\"inLanguage\":\"it-IT\",\"potentialAction\":[{\"@type\":\"ReadAction\",\"target\":[\"https:\\\/\\\/www.iobevo.com\\\/online\\\/iobevo-in-tour-la-lunigiana-e-i-malaspina\\\/\"]}]},{\"@type\":\"ImageObject\",\"inLanguage\":\"it-IT\",\"@id\":\"https:\\\/\\\/www.iobevo.com\\\/online\\\/iobevo-in-tour-la-lunigiana-e-i-malaspina\\\/#primaryimage\",\"url\":\"https:\\\/\\\/www.iobevo.com\\\/online\\\/wp-content\\\/uploads\\\/2022\\\/11\\\/malaspina-lunigiana-iobevo-in-tour.jpg\",\"contentUrl\":\"https:\\\/\\\/www.iobevo.com\\\/online\\\/wp-content\\\/uploads\\\/2022\\\/11\\\/malaspina-lunigiana-iobevo-in-tour.jpg\",\"width\":1280,\"height\":768},{\"@type\":\"WebSite\",\"@id\":\"https:\\\/\\\/www.iobevo.com\\\/online\\\/#website\",\"url\":\"https:\\\/\\\/www.iobevo.com\\\/online\\\/\",\"name\":\"io bevo\u00ae\",\"description\":\"Drink Plastic free\",\"publisher\":{\"@id\":\"https:\\\/\\\/www.iobevo.com\\\/online\\\/#organization\"},\"potentialAction\":[{\"@type\":\"SearchAction\",\"target\":{\"@type\":\"EntryPoint\",\"urlTemplate\":\"https:\\\/\\\/www.iobevo.com\\\/online\\\/?s={search_term_string}\"},\"query-input\":{\"@type\":\"PropertyValueSpecification\",\"valueRequired\":true,\"valueName\":\"search_term_string\"}}],\"inLanguage\":\"it-IT\"},{\"@type\":\"Organization\",\"@id\":\"https:\\\/\\\/www.iobevo.com\\\/online\\\/#organization\",\"name\":\"General Beverage\",\"url\":\"https:\\\/\\\/www.iobevo.com\\\/online\\\/\",\"logo\":{\"@type\":\"ImageObject\",\"inLanguage\":\"it-IT\",\"@id\":\"https:\\\/\\\/www.iobevo.com\\\/online\\\/#\\\/schema\\\/logo\\\/image\\\/\",\"url\":\"https:\\\/\\\/www.iobevo.com\\\/online\\\/wp-content\\\/uploads\\\/2014\\\/01\\\/logo_gb_horizontal_grey_160x47.png\",\"contentUrl\":\"https:\\\/\\\/www.iobevo.com\\\/online\\\/wp-content\\\/uploads\\\/2014\\\/01\\\/logo_gb_horizontal_grey_160x47.png\",\"width\":160,\"height\":47,\"caption\":\"General Beverage\"},\"image\":{\"@id\":\"https:\\\/\\\/www.iobevo.com\\\/online\\\/#\\\/schema\\\/logo\\\/image\\\/\"},\"sameAs\":[\"https:\\\/\\\/x.com\\\/IoBevo\"]},{\"@type\":\"Person\",\"@id\":\"https:\\\/\\\/www.iobevo.com\\\/online\\\/#\\\/schema\\\/person\\\/e7816c243058f3c9121820384cc8b35d\",\"name\":\"Patrizia De Santo\",\"image\":{\"@type\":\"ImageObject\",\"inLanguage\":\"it-IT\",\"@id\":\"https:\\\/\\\/secure.gravatar.com\\\/avatar\\\/6e6a3c46e79310643714b3dc512c1bfeb1f5e9bce6bee9f7108edd945d435f2f?s=96&d=mm&r=g\",\"url\":\"https:\\\/\\\/secure.gravatar.com\\\/avatar\\\/6e6a3c46e79310643714b3dc512c1bfeb1f5e9bce6bee9f7108edd945d435f2f?s=96&d=mm&r=g\",\"contentUrl\":\"https:\\\/\\\/secure.gravatar.com\\\/avatar\\\/6e6a3c46e79310643714b3dc512c1bfeb1f5e9bce6bee9f7108edd945d435f2f?s=96&d=mm&r=g\",\"caption\":\"Patrizia De Santo\"},\"url\":\"https:\\\/\\\/www.iobevo.com\\\/online\\\/author\\\/patrizia-de-santo\\\/\"}]}<\/script>\n<!-- \/ Yoast SEO plugin. -->","yoast_head_json":{"title":"IObevo in tour: la Lunigiana e i Malaspina - io bevo\u00ae","robots":{"index":"index","follow":"follow","max-snippet":"max-snippet:-1","max-image-preview":"max-image-preview:large","max-video-preview":"max-video-preview:-1"},"canonical":"https:\/\/www.iobevo.com\/online\/iobevo-in-tour-la-lunigiana-e-i-malaspina\/","og_locale":"it_IT","og_type":"article","og_title":"IObevo in tour: la Lunigiana e i Malaspina - io bevo\u00ae","og_description":"\u00c8 nella zona della Lunigiana che ha sede e origine l\u2019azienda IoBevo. E dopo Pontremoli, &#8216;IoBevo in tour&#8217; continua proprio in Lunigiana, alla scoperta della storia del casato dei Malaspina. Un racconto di viaggio che attraverso un percorso storico ci porta a conoscere alcune curiosit\u00e0, e a voler esplorare le [&hellip;]","og_url":"https:\/\/www.iobevo.com\/online\/iobevo-in-tour-la-lunigiana-e-i-malaspina\/","og_site_name":"io bevo\u00ae","article_published_time":"2023-02-21T14:43:58+00:00","article_modified_time":"2023-02-21T15:03:38+00:00","og_image":[{"width":1280,"height":768,"url":"https:\/\/www.iobevo.com\/online\/wp-content\/uploads\/2022\/11\/malaspina-lunigiana-iobevo-in-tour.jpg","type":"image\/jpeg"}],"author":"Patrizia De Santo","twitter_card":"summary_large_image","twitter_creator":"@IoBevo","twitter_site":"@IoBevo","twitter_misc":{"Scritto da":"Patrizia De Santo","Tempo di lettura stimato":"4 minuti"},"schema":{"@context":"https:\/\/schema.org","@graph":[{"@type":"Article","@id":"https:\/\/www.iobevo.com\/online\/iobevo-in-tour-la-lunigiana-e-i-malaspina\/#article","isPartOf":{"@id":"https:\/\/www.iobevo.com\/online\/iobevo-in-tour-la-lunigiana-e-i-malaspina\/"},"author":{"name":"Patrizia De Santo","@id":"https:\/\/www.iobevo.com\/online\/#\/schema\/person\/e7816c243058f3c9121820384cc8b35d"},"headline":"IObevo in tour: la Lunigiana e i Malaspina","datePublished":"2023-02-21T14:43:58+00:00","dateModified":"2023-02-21T15:03:38+00:00","mainEntityOfPage":{"@id":"https:\/\/www.iobevo.com\/online\/iobevo-in-tour-la-lunigiana-e-i-malaspina\/"},"wordCount":780,"publisher":{"@id":"https:\/\/www.iobevo.com\/online\/#organization"},"image":{"@id":"https:\/\/www.iobevo.com\/online\/iobevo-in-tour-la-lunigiana-e-i-malaspina\/#primaryimage"},"thumbnailUrl":"https:\/\/www.iobevo.com\/online\/wp-content\/uploads\/2022\/11\/malaspina-lunigiana-iobevo-in-tour.jpg","articleSection":["News","News","Novit\u00e0"],"inLanguage":"it-IT"},{"@type":"WebPage","@id":"https:\/\/www.iobevo.com\/online\/iobevo-in-tour-la-lunigiana-e-i-malaspina\/","url":"https:\/\/www.iobevo.com\/online\/iobevo-in-tour-la-lunigiana-e-i-malaspina\/","name":"IObevo in tour: la Lunigiana e i Malaspina - io bevo\u00ae","isPartOf":{"@id":"https:\/\/www.iobevo.com\/online\/#website"},"primaryImageOfPage":{"@id":"https:\/\/www.iobevo.com\/online\/iobevo-in-tour-la-lunigiana-e-i-malaspina\/#primaryimage"},"image":{"@id":"https:\/\/www.iobevo.com\/online\/iobevo-in-tour-la-lunigiana-e-i-malaspina\/#primaryimage"},"thumbnailUrl":"https:\/\/www.iobevo.com\/online\/wp-content\/uploads\/2022\/11\/malaspina-lunigiana-iobevo-in-tour.jpg","datePublished":"2023-02-21T14:43:58+00:00","dateModified":"2023-02-21T15:03:38+00:00","inLanguage":"it-IT","potentialAction":[{"@type":"ReadAction","target":["https:\/\/www.iobevo.com\/online\/iobevo-in-tour-la-lunigiana-e-i-malaspina\/"]}]},{"@type":"ImageObject","inLanguage":"it-IT","@id":"https:\/\/www.iobevo.com\/online\/iobevo-in-tour-la-lunigiana-e-i-malaspina\/#primaryimage","url":"https:\/\/www.iobevo.com\/online\/wp-content\/uploads\/2022\/11\/malaspina-lunigiana-iobevo-in-tour.jpg","contentUrl":"https:\/\/www.iobevo.com\/online\/wp-content\/uploads\/2022\/11\/malaspina-lunigiana-iobevo-in-tour.jpg","width":1280,"height":768},{"@type":"WebSite","@id":"https:\/\/www.iobevo.com\/online\/#website","url":"https:\/\/www.iobevo.com\/online\/","name":"io bevo\u00ae","description":"Drink Plastic free","publisher":{"@id":"https:\/\/www.iobevo.com\/online\/#organization"},"potentialAction":[{"@type":"SearchAction","target":{"@type":"EntryPoint","urlTemplate":"https:\/\/www.iobevo.com\/online\/?s={search_term_string}"},"query-input":{"@type":"PropertyValueSpecification","valueRequired":true,"valueName":"search_term_string"}}],"inLanguage":"it-IT"},{"@type":"Organization","@id":"https:\/\/www.iobevo.com\/online\/#organization","name":"General Beverage","url":"https:\/\/www.iobevo.com\/online\/","logo":{"@type":"ImageObject","inLanguage":"it-IT","@id":"https:\/\/www.iobevo.com\/online\/#\/schema\/logo\/image\/","url":"https:\/\/www.iobevo.com\/online\/wp-content\/uploads\/2014\/01\/logo_gb_horizontal_grey_160x47.png","contentUrl":"https:\/\/www.iobevo.com\/online\/wp-content\/uploads\/2014\/01\/logo_gb_horizontal_grey_160x47.png","width":160,"height":47,"caption":"General Beverage"},"image":{"@id":"https:\/\/www.iobevo.com\/online\/#\/schema\/logo\/image\/"},"sameAs":["https:\/\/x.com\/IoBevo"]},{"@type":"Person","@id":"https:\/\/www.iobevo.com\/online\/#\/schema\/person\/e7816c243058f3c9121820384cc8b35d","name":"Patrizia De Santo","image":{"@type":"ImageObject","inLanguage":"it-IT","@id":"https:\/\/secure.gravatar.com\/avatar\/6e6a3c46e79310643714b3dc512c1bfeb1f5e9bce6bee9f7108edd945d435f2f?s=96&d=mm&r=g","url":"https:\/\/secure.gravatar.com\/avatar\/6e6a3c46e79310643714b3dc512c1bfeb1f5e9bce6bee9f7108edd945d435f2f?s=96&d=mm&r=g","contentUrl":"https:\/\/secure.gravatar.com\/avatar\/6e6a3c46e79310643714b3dc512c1bfeb1f5e9bce6bee9f7108edd945d435f2f?s=96&d=mm&r=g","caption":"Patrizia De Santo"},"url":"https:\/\/www.iobevo.com\/online\/author\/patrizia-de-santo\/"}]}},"_links":{"self":[{"href":"https:\/\/www.iobevo.com\/online\/wp-json\/wp\/v2\/posts\/20331","targetHints":{"allow":["GET"]}}],"collection":[{"href":"https:\/\/www.iobevo.com\/online\/wp-json\/wp\/v2\/posts"}],"about":[{"href":"https:\/\/www.iobevo.com\/online\/wp-json\/wp\/v2\/types\/post"}],"author":[{"embeddable":true,"href":"https:\/\/www.iobevo.com\/online\/wp-json\/wp\/v2\/users\/97"}],"replies":[{"embeddable":true,"href":"https:\/\/www.iobevo.com\/online\/wp-json\/wp\/v2\/comments?post=20331"}],"version-history":[{"count":5,"href":"https:\/\/www.iobevo.com\/online\/wp-json\/wp\/v2\/posts\/20331\/revisions"}],"predecessor-version":[{"id":20340,"href":"https:\/\/www.iobevo.com\/online\/wp-json\/wp\/v2\/posts\/20331\/revisions\/20340"}],"wp:featuredmedia":[{"embeddable":true,"href":"https:\/\/www.iobevo.com\/online\/wp-json\/wp\/v2\/media\/20320"}],"wp:attachment":[{"href":"https:\/\/www.iobevo.com\/online\/wp-json\/wp\/v2\/media?parent=20331"}],"wp:term":[{"taxonomy":"category","embeddable":true,"href":"https:\/\/www.iobevo.com\/online\/wp-json\/wp\/v2\/categories?post=20331"},{"taxonomy":"post_tag","embeddable":true,"href":"https:\/\/www.iobevo.com\/online\/wp-json\/wp\/v2\/tags?post=20331"}],"curies":[{"name":"wp","href":"https:\/\/api.w.org\/{rel}","templated":true}]}}